{"id":46181,"date":"2026-09-04T13:44:15","date_gmt":"2026-09-04T11:44:15","guid":{"rendered":"https:\/\/www.svkst.unist.hr\/?p=46181"},"modified":"2026-09-04T13:44:19","modified_gmt":"2026-09-04T11:44:19","slug":"zbogom-dolly","status":"publish","type":"post","link":"https:\/\/www.svkst.unist.hr\/index.php\/iz-knjiznice\/zbogom-dolly\/","title":{"rendered":"Zbogom, Dolly"},"content":{"rendered":"\n<div data-carousel-extra='{\"blog_id\":1,\"permalink\":\"https:\\\/\\\/www.svkst.unist.hr\\\/index.php\\\/iz-knjiznice\\\/zbogom-dolly\\\/\"}' class=\"svkst-justify-vijest\">\n  <p>Pro\u0161log tjedna svijet se oprostio od Dolly Parton, pjeva\u010dice, spisateljice i, \u0161to je nama u knji\u017enici posebno blisko, jedne od najve\u0107ih zagovornica dje\u010dje pismenosti u novijoj povijesti.<\/p>\n\n  <p>Putem inicijative <em>Imagination Library<\/em>, koju je 1995. godine pokrenula u sklopu svoje zaklade, Dolly je djeci diljem svijeta, od ro\u0111enja do pete godine, besplatno slala po jednu knjigu mjese\u010dno, popra\u0107enu osobnom porukom. Na pokretanje programa nadahnula ju je \u010dinjenica da njezin otac nije znao ni \u010ditati ni pisati. Program je do danas djeci u pet zemalja podario vi\u0161e od 330 milijuna knjiga, pru\u017eaju\u0107i obiteljima pozitivno iskustvo \u010ditanja i pristup raznolikoj literaturi. Malo je ljudi ostavilo tako opipljiv i mjerljiv trag u promicanju ljubavi prema knjizi.<\/p>\n\n  <p>Njezina veza s knjigama i kulturom sezala je i u neo\u010dekivane vode: pjesma \u201eJolene\u201d do\u017eivjela je posve neobi\u010dnu srednjovjekovnu obradu koju mo\u017eete poslu\u0161ati <a href=\"https:\/\/www.youtube.com\/watch?v=ugqQlB5fpuc\" target=\"_blank\" rel=\"noopener noreferrer\">ovdje<\/a>. Vi\u0161e o njezinu radu na podru\u010dju pismenosti pro\u010ditajte u tekstu <a href=\"https:\/\/scholarlykitchen.sspnet.org\/2018\/03\/30\/dolly-parton-champion-literacy\/\" target=\"_blank\" rel=\"noopener noreferrer\"><em>Dolly Parton: Champion of Literacy<\/em><\/a>, a cjeloviti osvrt kolega iz \u010dasopisa <em>The Scholarly Kitchen<\/em> na njezin \u017eivotni put dostupan je <a href=\"https:\/\/scholarlykitchen.sspnet.org\/2026\/08\/28\/goodbye-dolly\/\" target=\"_blank\" rel=\"noopener noreferrer\">ovdje<\/a>.<\/p>\n\n  <p>Hvala, Dolly, \u0161to si generacijama djece pru\u017eila prve stranice za \u010ditanje.<\/p>\n<\/div>\n\n\n\n<div data-carousel-extra='{\"blog_id\":1,\"permalink\":\"https:\\\/\\\/www.svkst.unist.hr\\\/index.php\\\/iz-knjiznice\\\/zbogom-dolly\\\/\"}' class=\"wp-block-jetpack-tiled-gallery aligncenter is-style-rectangular\"><div data-carousel-extra='{\"blog_id\":1,\"permalink\":\"https:\\\/\\\/www.svkst.unist.hr\\\/index.php\\\/iz-knjiznice\\\/zbogom-dolly\\\/\"}' class=\"tiled-gallery__gallery\"><div data-carousel-extra='{\"blog_id\":1,\"permalink\":\"https:\\\/\\\/www.svkst.unist.hr\\\/index.php\\\/iz-knjiznice\\\/zbogom-dolly\\\/\"}' class=\"tiled-gallery__row\"><div data-carousel-extra='{\"blog_id\":1,\"permalink\":\"https:\\\/\\\/www.svkst.unist.hr\\\/index.php\\\/iz-knjiznice\\\/zbogom-dolly\\\/\"}' class=\"tiled-gallery__col\" style=\"flex-basis:49.66783%\"><figure class=\"tiled-gallery__item\"><img data-attachment-id=\"46178\" data-permalink=\"https:\/\/www.svkst.unist.hr\/dolly_parton_reads_to_children_in_the_library_of_congress_great_hall_in_2018\/\" data-orig-file=\"https:\/\/www.svkst.unist.hr\/wp-content\/uploads\/2026\/09\/Dolly_Parton_reads_to_children_in_the_Library_of_Congress_Great_Hall_in_2018.png\" data-orig-size=\"1168,731\" data-comments-opened=\"0\" data-image-meta=\"{&quot;aperture&quot;:&quot;0&quot;,&quot;credit&quot;:&quot;&quot;,&quot;camera&quot;:&quot;&quot;,&quot;caption&quot;:&quot;&quot;,&quot;created_timestamp&quot;:&quot;0&quot;,&quot;copyright&quot;:&quot;&quot;,&quot;focal_length&quot;:&quot;0&quot;,&quot;iso&quot;:&quot;0&quot;,&quot;shutter_speed&quot;:&quot;0&quot;,&quot;title&quot;:&quot;&quot;,&quot;orientation&quot;:&quot;0&quot;}\" data-image-title=\"Dolly Parton u Kongresnoj knji\u017enici\" data-image-description=\"\" data-image-caption=\"\" data-medium-file=\"https:\/\/www.svkst.unist.hr\/wp-content\/uploads\/2026\/09\/Dolly_Parton_reads_to_children_in_the_Library_of_Congress_Great_Hall_in_2018-300x188.png\" data-large-file=\"https:\/\/www.svkst.unist.hr\/wp-content\/uploads\/2026\/09\/Dolly_Parton_reads_to_children_in_the_Library_of_Congress_Great_Hall_in_2018-1024x641.png\" data-attachment-id=\"46178\" data-permalink=\"https:\/\/www.svkst.unist.hr\/dolly_parton_reads_to_children_in_the_library_of_congress_great_hall_in_2018\/\" data-orig-file=\"https:\/\/www.svkst.unist.hr\/wp-content\/uploads\/2026\/09\/Dolly_Parton_reads_to_children_in_the_Library_of_Congress_Great_Hall_in_2018.png\" data-orig-size=\"1168,731\" data-comments-opened=\"0\" data-image-meta=\"{&quot;aperture&quot;:&quot;0&quot;,&quot;credit&quot;:&quot;&quot;,&quot;camera&quot;:&quot;&quot;,&quot;caption&quot;:&quot;&quot;,&quot;created_timestamp&quot;:&quot;0&quot;,&quot;copyright&quot;:&quot;&quot;,&quot;focal_length&quot;:&quot;0&quot;,&quot;iso&quot;:&quot;0&quot;,&quot;shutter_speed&quot;:&quot;0&quot;,&quot;title&quot;:&quot;&quot;,&quot;orientation&quot;:&quot;0&quot;}\" data-image-title=\"Dolly Parton u Kongresnoj knji\u017enici\" data-image-description=\"\" data-image-caption=\"\" data-medium-file=\"https:\/\/www.svkst.unist.hr\/wp-content\/uploads\/2026\/09\/Dolly_Parton_reads_to_children_in_the_Library_of_Congress_Great_Hall_in_2018-300x188.png\" data-large-file=\"https:\/\/www.svkst.unist.hr\/wp-content\/uploads\/2026\/09\/Dolly_Parton_reads_to_children_in_the_Library_of_Congress_Great_Hall_in_2018-1024x641.png\" srcset=\"https:\/\/i0.wp.com\/www.svkst.unist.hr\/wp-content\/uploads\/2026\/09\/Dolly_Parton_reads_to_children_in_the_Library_of_Congress_Great_Hall_in_2018-1024x641.png?strip=info&#038;w=600&#038;ssl=1 600w,https:\/\/i0.wp.com\/www.svkst.unist.hr\/wp-content\/uploads\/2026\/09\/Dolly_Parton_reads_to_children_in_the_Library_of_Congress_Great_Hall_in_2018-1024x641.png?strip=info&#038;w=900&#038;ssl=1 900w,https:\/\/i0.wp.com\/www.svkst.unist.hr\/wp-content\/uploads\/2026\/09\/Dolly_Parton_reads_to_children_in_the_Library_of_Congress_Great_Hall_in_2018-1024x641.png?strip=info&#038;w=1168&#038;ssl=1 1168w\" alt=\"\" data-height=\"731\" data-id=\"46178\" data-link=\"https:\/\/www.svkst.unist.hr\/dolly_parton_reads_to_children_in_the_library_of_congress_great_hall_in_2018\/\" data-url=\"https:\/\/www.svkst.unist.hr\/wp-content\/uploads\/2026\/09\/Dolly_Parton_reads_to_children_in_the_Library_of_Congress_Great_Hall_in_2018-1024x641.png\" data-width=\"1168\" src=\"https:\/\/i0.wp.com\/www.svkst.unist.hr\/wp-content\/uploads\/2026\/09\/Dolly_Parton_reads_to_children_in_the_Library_of_Congress_Great_Hall_in_2018-1024x641.png?ssl=1\" data-amp-layout=\"responsive\"\/><\/figure><figure class=\"tiled-gallery__item\"><img data-attachment-id=\"46179\" data-permalink=\"https:\/\/www.svkst.unist.hr\/librar1\/\" data-orig-file=\"https:\/\/www.svkst.unist.hr\/wp-content\/uploads\/2026\/09\/LIBRAR1-scaled.jpg\" data-orig-size=\"2560,1707\" data-comments-opened=\"0\" data-image-meta=\"{&quot;aperture&quot;:&quot;2.8&quot;,&quot;credit&quot;:&quot;Shawn Miller&quot;,&quot;camera&quot;:&quot;Canon EOS 5D Mark III&quot;,&quot;caption&quot;:&quot;Librarian of Congress Carla Hayden and Dolly Parton unveil \\&quot;Coat of Many Colors,\\&quot; the one hundred millionth book donated by Parton&#039;s nonprofit Imagination Library, during a ceremony in the Great Hall, February 27, 2018. Photo by Shawn Miller.&quot;,&quot;created_timestamp&quot;:&quot;1519727026&quot;,&quot;copyright&quot;:&quot;&quot;,&quot;focal_length&quot;:&quot;105&quot;,&quot;iso&quot;:&quot;3200&quot;,&quot;shutter_speed&quot;:&quot;0.005&quot;,&quot;title&quot;:&quot;&quot;,&quot;orientation&quot;:&quot;1&quot;}\" data-image-title=\"Dolly Parton Imagination Library\" data-image-description=\"\" data-image-caption=\"\" data-medium-file=\"https:\/\/www.svkst.unist.hr\/wp-content\/uploads\/2026\/09\/LIBRAR1-300x200.jpg\" data-large-file=\"https:\/\/www.svkst.unist.hr\/wp-content\/uploads\/2026\/09\/LIBRAR1-1024x683.jpg\" data-attachment-id=\"46179\" data-permalink=\"https:\/\/www.svkst.unist.hr\/librar1\/\" data-orig-file=\"https:\/\/www.svkst.unist.hr\/wp-content\/uploads\/2026\/09\/LIBRAR1-scaled.jpg\" data-orig-size=\"2560,1707\" data-comments-opened=\"0\" data-image-meta=\"{&quot;aperture&quot;:&quot;2.8&quot;,&quot;credit&quot;:&quot;Shawn Miller&quot;,&quot;camera&quot;:&quot;Canon EOS 5D Mark III&quot;,&quot;caption&quot;:&quot;Librarian of Congress Carla Hayden and Dolly Parton unveil \\&quot;Coat of Many Colors,\\&quot; the one hundred millionth book donated by Parton&#039;s nonprofit Imagination Library, during a ceremony in the Great Hall, February 27, 2018. Photo by Shawn Miller.&quot;,&quot;created_timestamp&quot;:&quot;1519727026&quot;,&quot;copyright&quot;:&quot;&quot;,&quot;focal_length&quot;:&quot;105&quot;,&quot;iso&quot;:&quot;3200&quot;,&quot;shutter_speed&quot;:&quot;0.005&quot;,&quot;title&quot;:&quot;&quot;,&quot;orientation&quot;:&quot;1&quot;}\" data-image-title=\"Dolly Parton Imagination Library\" data-image-description=\"\" data-image-caption=\"\" data-medium-file=\"https:\/\/www.svkst.unist.hr\/wp-content\/uploads\/2026\/09\/LIBRAR1-300x200.jpg\" data-large-file=\"https:\/\/www.svkst.unist.hr\/wp-content\/uploads\/2026\/09\/LIBRAR1-1024x683.jpg\" srcset=\"https:\/\/i2.wp.com\/www.svkst.unist.hr\/wp-content\/uploads\/2026\/09\/LIBRAR1-1024x683.jpg?strip=info&#038;w=600&#038;ssl=1 600w,https:\/\/i2.wp.com\/www.svkst.unist.hr\/wp-content\/uploads\/2026\/09\/LIBRAR1-1024x683.jpg?strip=info&#038;w=900&#038;ssl=1 900w,https:\/\/i2.wp.com\/www.svkst.unist.hr\/wp-content\/uploads\/2026\/09\/LIBRAR1-1024x683.jpg?strip=info&#038;w=1200&#038;ssl=1 1200w,https:\/\/i2.wp.com\/www.svkst.unist.hr\/wp-content\/uploads\/2026\/09\/LIBRAR1-1024x683.jpg?strip=info&#038;w=1500&#038;ssl=1 1500w,https:\/\/i2.wp.com\/www.svkst.unist.hr\/wp-content\/uploads\/2026\/09\/LIBRAR1-1024x683.jpg?strip=info&#038;w=1800&#038;ssl=1 1800w,https:\/\/i2.wp.com\/www.svkst.unist.hr\/wp-content\/uploads\/2026\/09\/LIBRAR1-1024x683.jpg?strip=info&#038;w=2000&#038;ssl=1 2000w\" alt=\"\" data-height=\"1707\" data-id=\"46179\" data-link=\"https:\/\/www.svkst.unist.hr\/librar1\/\" data-url=\"https:\/\/www.svkst.unist.hr\/wp-content\/uploads\/2026\/09\/LIBRAR1-1024x683.jpg\" data-width=\"2560\" src=\"https:\/\/i2.wp.com\/www.svkst.unist.hr\/wp-content\/uploads\/2026\/09\/LIBRAR1-1024x683.jpg?ssl=1\" data-amp-layout=\"responsive\"\/><\/figure><\/div><div data-carousel-extra='{\"blog_id\":1,\"permalink\":\"https:\\\/\\\/www.svkst.unist.hr\\\/index.php\\\/iz-knjiznice\\\/zbogom-dolly\\\/\"}' class=\"tiled-gallery__col\" style=\"flex-basis:50.33217%\"><figure class=\"tiled-gallery__item\"><img data-attachment-id=\"46180\" data-permalink=\"https:\/\/www.svkst.unist.hr\/young-dolly-parton_higher_quality_scan_cropped\/\" data-orig-file=\"https:\/\/www.svkst.unist.hr\/wp-content\/uploads\/2026\/09\/Young-Dolly-Parton_higher_quality_scan_cropped-scaled.jpg\" data-orig-size=\"1992,2560\" data-comments-opened=\"0\" data-image-meta=\"{&quot;aperture&quot;:&quot;0&quot;,&quot;credit&quot;:&quot;&quot;,&quot;camera&quot;:&quot;&quot;,&quot;caption&quot;:&quot;&quot;,&quot;created_timestamp&quot;:&quot;0&quot;,&quot;copyright&quot;:&quot;&quot;,&quot;focal_length&quot;:&quot;0&quot;,&quot;iso&quot;:&quot;0&quot;,&quot;shutter_speed&quot;:&quot;0&quot;,&quot;title&quot;:&quot;&quot;,&quot;orientation&quot;:&quot;1&quot;}\" data-image-title=\"Dolly Parton u mladim danima\" data-image-description=\"\" data-image-caption=\"\" data-medium-file=\"https:\/\/www.svkst.unist.hr\/wp-content\/uploads\/2026\/09\/Young-Dolly-Parton_higher_quality_scan_cropped-233x300.jpg\" data-large-file=\"https:\/\/www.svkst.unist.hr\/wp-content\/uploads\/2026\/09\/Young-Dolly-Parton_higher_quality_scan_cropped-797x1024.jpg\" data-attachment-id=\"46180\" data-permalink=\"https:\/\/www.svkst.unist.hr\/young-dolly-parton_higher_quality_scan_cropped\/\" data-orig-file=\"https:\/\/www.svkst.unist.hr\/wp-content\/uploads\/2026\/09\/Young-Dolly-Parton_higher_quality_scan_cropped-scaled.jpg\" data-orig-size=\"1992,2560\" data-comments-opened=\"0\" data-image-meta=\"{&quot;aperture&quot;:&quot;0&quot;,&quot;credit&quot;:&quot;&quot;,&quot;camera&quot;:&quot;&quot;,&quot;caption&quot;:&quot;&quot;,&quot;created_timestamp&quot;:&quot;0&quot;,&quot;copyright&quot;:&quot;&quot;,&quot;focal_length&quot;:&quot;0&quot;,&quot;iso&quot;:&quot;0&quot;,&quot;shutter_speed&quot;:&quot;0&quot;,&quot;title&quot;:&quot;&quot;,&quot;orientation&quot;:&quot;1&quot;}\" data-image-title=\"Dolly Parton u mladim danima\" data-image-description=\"\" data-image-caption=\"\" data-medium-file=\"https:\/\/www.svkst.unist.hr\/wp-content\/uploads\/2026\/09\/Young-Dolly-Parton_higher_quality_scan_cropped-233x300.jpg\" data-large-file=\"https:\/\/www.svkst.unist.hr\/wp-content\/uploads\/2026\/09\/Young-Dolly-Parton_higher_quality_scan_cropped-797x1024.jpg\" srcset=\"https:\/\/i1.wp.com\/www.svkst.unist.hr\/wp-content\/uploads\/2026\/09\/Young-Dolly-Parton_higher_quality_scan_cropped-797x1024.jpg?strip=info&#038;w=600&#038;ssl=1 600w,https:\/\/i1.wp.com\/www.svkst.unist.hr\/wp-content\/uploads\/2026\/09\/Young-Dolly-Parton_higher_quality_scan_cropped-797x1024.jpg?strip=info&#038;w=900&#038;ssl=1 900w,https:\/\/i1.wp.com\/www.svkst.unist.hr\/wp-content\/uploads\/2026\/09\/Young-Dolly-Parton_higher_quality_scan_cropped-797x1024.jpg?strip=info&#038;w=1200&#038;ssl=1 1200w,https:\/\/i1.wp.com\/www.svkst.unist.hr\/wp-content\/uploads\/2026\/09\/Young-Dolly-Parton_higher_quality_scan_cropped-797x1024.jpg?strip=info&#038;w=1500&#038;ssl=1 1500w,https:\/\/i1.wp.com\/www.svkst.unist.hr\/wp-content\/uploads\/2026\/09\/Young-Dolly-Parton_higher_quality_scan_cropped-797x1024.jpg?strip=info&#038;w=1800&#038;ssl=1 1800w,https:\/\/i1.wp.com\/www.svkst.unist.hr\/wp-content\/uploads\/2026\/09\/Young-Dolly-Parton_higher_quality_scan_cropped-797x1024.jpg?strip=info&#038;w=1992&#038;ssl=1 1992w\" alt=\"\" data-height=\"2560\" data-id=\"46180\" data-link=\"https:\/\/www.svkst.unist.hr\/young-dolly-parton_higher_quality_scan_cropped\/\" data-url=\"https:\/\/www.svkst.unist.hr\/wp-content\/uploads\/2026\/09\/Young-Dolly-Parton_higher_quality_scan_cropped-797x1024.jpg\" data-width=\"1992\" src=\"https:\/\/i1.wp.com\/www.svkst.unist.hr\/wp-content\/uploads\/2026\/09\/Young-Dolly-Parton_higher_quality_scan_cropped-797x1024.jpg?ssl=1\" data-amp-layout=\"responsive\"\/><\/figure><\/div><\/div><\/div><\/div>\n\n\n\n<p><\/p>\n","protected":false},"excerpt":{"rendered":"<p>Pro\u0161log tjedna svijet se oprostio od Dolly Parton, pjeva\u010dice, spisateljice i, \u0161to je nama u knji\u017enici posebno blisko, jedne od najve\u0107ih zagovornica dje\u010dje pismenosti u novijoj povijesti. Putem inicijative Imagination Library, koju je 1995. godine pokrenula u sklopu svoje zaklade, Dolly je djeci diljem svijeta, od ro\u0111enja do pete godine, besplatno slala po jednu knjigu [&hellip;]<\/p>\n","protected":false},"author":17,"featured_media":0,"comment_status":"closed","ping_status":"closed","sticky":false,"template":"","format":"standard","meta":{"spay_email":""},"categories":[112],"tags":[],"acf":[],"yoast_head":"<!-- This site is optimized with the Yoast SEO plugin v17.8 - https:\/\/yoast.com\/wordpress\/plugins\/seo\/ -->\n<title>Zbogom, Dolly - Sveu\u010dili\u0161na knji\u017enica u Splitu<\/title>\n<meta name=\"description\" content=\"Pro\u0161log tjedna svijet se oprostio od Dolly Parton, pjeva\u010dice, spisateljice i, \u0161to je nama u knji\u017enici posebno blisko, jedne od najve\u0107ih zagovornica dje\u010dje\" \/>\n<meta name=\"robots\" content=\"index, follow, max-snippet:-1, max-image-preview:large, max-video-preview:-1\" \/>\n<link rel=\"canonical\" href=\"https:\/\/www.svkst.unist.hr\/index.php\/iz-knjiznice\/zbogom-dolly\/\" \/>\n<meta property=\"og:locale\" content=\"en_GB\" \/>\n<meta property=\"og:type\" content=\"article\" \/>\n<meta property=\"og:title\" content=\"Zbogom, Dolly - Sveu\u010dili\u0161na knji\u017enica u Splitu\" \/>\n<meta property=\"og:description\" content=\"Pro\u0161log tjedna svijet se oprostio od Dolly Parton, pjeva\u010dice, spisateljice i, \u0161to je nama u knji\u017enici posebno blisko, jedne od najve\u0107ih zagovornica dje\u010dje\" \/>\n<meta property=\"og:url\" content=\"https:\/\/www.svkst.unist.hr\/index.php\/iz-knjiznice\/zbogom-dolly\/\" \/>\n<meta property=\"og:site_name\" content=\"Sveu\u010dili\u0161na knji\u017enica u Splitu\" \/>\n<meta property=\"article:publisher\" content=\"https:\/\/www.facebook.com\/svkst.unist.hr\/\" \/>\n<meta property=\"article:published_time\" content=\"2026-09-04T11:44:15+00:00\" \/>\n<meta property=\"article:modified_time\" content=\"2026-09-04T11:44:19+00:00\" \/>\n<meta property=\"og:image\" content=\"https:\/\/i0.wp.com\/www.svkst.unist.hr\/wp-content\/uploads\/2026\/09\/Dolly_Parton_reads_to_children_in_the_Library_of_Congress_Great_Hall_in_2018-1024x641.png?ssl=1\" \/>\n<meta name=\"twitter:card\" content=\"summary_large_image\" \/>\n<meta name=\"twitter:label1\" content=\"Written by\" \/>\n\t<meta name=\"twitter:data1\" content=\"Tino Perlain\" \/>\n\t<meta name=\"twitter:label2\" content=\"Estimated reading time\" \/>\n\t<meta name=\"twitter:data2\" content=\"2 minutes\" \/>\n<script type=\"application\/ld+json\" class=\"yoast-schema-graph\">{\"@context\":\"https:\/\/schema.org\",\"@graph\":[{\"@type\":\"Organization\",\"@id\":\"https:\/\/www.svkst.unist.hr\/#organization\",\"name\":\"Sveu\\u010dili\\u0161na knji\\u017enica u Splitu\",\"url\":\"https:\/\/www.svkst.unist.hr\/\",\"sameAs\":[\"https:\/\/www.facebook.com\/svkst.unist.hr\/\"],\"logo\":{\"@type\":\"ImageObject\",\"@id\":\"https:\/\/www.svkst.unist.hr\/#logo\",\"inLanguage\":\"en-GB\",\"url\":\"https:\/\/i2.wp.com\/www.svkst.unist.hr\/wp-content\/uploads\/2018\/02\/sveucilisna_iskaznica_logo_tisak-1.png?fit=600%2C219&ssl=1\",\"contentUrl\":\"https:\/\/i2.wp.com\/www.svkst.unist.hr\/wp-content\/uploads\/2018\/02\/sveucilisna_iskaznica_logo_tisak-1.png?fit=600%2C219&ssl=1\",\"width\":600,\"height\":219,\"caption\":\"Sveu\\u010dili\\u0161na knji\\u017enica u Splitu\"},\"image\":{\"@id\":\"https:\/\/www.svkst.unist.hr\/#logo\"}},{\"@type\":\"WebSite\",\"@id\":\"https:\/\/www.svkst.unist.hr\/#website\",\"url\":\"https:\/\/www.svkst.unist.hr\/\",\"name\":\"Sveu\\u010dili\\u0161na knji\\u017enica u Splitu\",\"description\":\"\",\"publisher\":{\"@id\":\"https:\/\/www.svkst.unist.hr\/#organization\"},\"potentialAction\":[{\"@type\":\"SearchAction\",\"target\":{\"@type\":\"EntryPoint\",\"urlTemplate\":\"https:\/\/www.svkst.unist.hr\/?s={search_term_string}\"},\"query-input\":\"required name=search_term_string\"}],\"inLanguage\":\"en-GB\"},{\"@type\":\"ImageObject\",\"@id\":\"https:\/\/www.svkst.unist.hr\/index.php\/iz-knjiznice\/zbogom-dolly\/#primaryimage\",\"inLanguage\":\"en-GB\",\"url\":\"https:\/\/i0.wp.com\/www.svkst.unist.hr\/wp-content\/uploads\/2026\/09\/Dolly_Parton_reads_to_children_in_the_Library_of_Congress_Great_Hall_in_2018-1024x641.png?ssl=1\",\"contentUrl\":\"https:\/\/i0.wp.com\/www.svkst.unist.hr\/wp-content\/uploads\/2026\/09\/Dolly_Parton_reads_to_children_in_the_Library_of_Congress_Great_Hall_in_2018-1024x641.png?ssl=1\"},{\"@type\":\"WebPage\",\"@id\":\"https:\/\/www.svkst.unist.hr\/index.php\/iz-knjiznice\/zbogom-dolly\/#webpage\",\"url\":\"https:\/\/www.svkst.unist.hr\/index.php\/iz-knjiznice\/zbogom-dolly\/\",\"name\":\"Zbogom, Dolly - Sveu\\u010dili\\u0161na knji\\u017enica u Splitu\",\"isPartOf\":{\"@id\":\"https:\/\/www.svkst.unist.hr\/#website\"},\"primaryImageOfPage\":{\"@id\":\"https:\/\/www.svkst.unist.hr\/index.php\/iz-knjiznice\/zbogom-dolly\/#primaryimage\"},\"datePublished\":\"2026-09-04T11:44:15+00:00\",\"dateModified\":\"2026-09-04T11:44:19+00:00\",\"description\":\"Pro\\u0161log tjedna svijet se oprostio od Dolly Parton, pjeva\\u010dice, spisateljice i, \\u0161to je nama u knji\\u017enici posebno blisko, jedne od najve\\u0107ih zagovornica dje\\u010dje\",\"breadcrumb\":{\"@id\":\"https:\/\/www.svkst.unist.hr\/index.php\/iz-knjiznice\/zbogom-dolly\/#breadcrumb\"},\"inLanguage\":\"en-GB\",\"potentialAction\":[{\"@type\":\"ReadAction\",\"target\":[\"https:\/\/www.svkst.unist.hr\/index.php\/iz-knjiznice\/zbogom-dolly\/\"]}]},{\"@type\":\"BreadcrumbList\",\"@id\":\"https:\/\/www.svkst.unist.hr\/index.php\/iz-knjiznice\/zbogom-dolly\/#breadcrumb\",\"itemListElement\":[{\"@type\":\"ListItem\",\"position\":1,\"name\":\"Home\",\"item\":\"https:\/\/www.svkst.unist.hr\/\"},{\"@type\":\"ListItem\",\"position\":2,\"name\":\"IZ KNJI\\u017dNICE ...\",\"item\":\"https:\/\/www.svkst.unist.hr\/index.php\/category\/iz-knjiznice\/\"},{\"@type\":\"ListItem\",\"position\":3,\"name\":\"Zbogom, Dolly\"}]},{\"@type\":\"Article\",\"@id\":\"https:\/\/www.svkst.unist.hr\/index.php\/iz-knjiznice\/zbogom-dolly\/#article\",\"isPartOf\":{\"@id\":\"https:\/\/www.svkst.unist.hr\/index.php\/iz-knjiznice\/zbogom-dolly\/#webpage\"},\"author\":{\"@id\":\"https:\/\/www.svkst.unist.hr\/#\/schema\/person\/d8b56fbc07ed14b3e6d0acad57bef350\"},\"headline\":\"Zbogom, Dolly\",\"datePublished\":\"2026-09-04T11:44:15+00:00\",\"dateModified\":\"2026-09-04T11:44:19+00:00\",\"mainEntityOfPage\":{\"@id\":\"https:\/\/www.svkst.unist.hr\/index.php\/iz-knjiznice\/zbogom-dolly\/#webpage\"},\"wordCount\":198,\"publisher\":{\"@id\":\"https:\/\/www.svkst.unist.hr\/#organization\"},\"image\":{\"@id\":\"https:\/\/www.svkst.unist.hr\/index.php\/iz-knjiznice\/zbogom-dolly\/#primaryimage\"},\"thumbnailUrl\":\"https:\/\/i0.wp.com\/www.svkst.unist.hr\/wp-content\/uploads\/2026\/09\/Dolly_Parton_reads_to_children_in_the_Library_of_Congress_Great_Hall_in_2018-1024x641.png?ssl=1\",\"articleSection\":[\"IZ KNJI\\u017dNICE ...\"],\"inLanguage\":\"en-GB\"},{\"@type\":\"Person\",\"@id\":\"https:\/\/www.svkst.unist.hr\/#\/schema\/person\/d8b56fbc07ed14b3e6d0acad57bef350\",\"name\":\"Tino Perlain\"}]}<\/script>\n<!-- \/ Yoast SEO plugin. -->","yoast_head_json":{"title":"Zbogom, Dolly - Sveu\u010dili\u0161na knji\u017enica u Splitu","description":"Pro\u0161log tjedna svijet se oprostio od Dolly Parton, pjeva\u010dice, spisateljice i, \u0161to je nama u knji\u017enici posebno blisko, jedne od najve\u0107ih zagovornica dje\u010dje","robots":{"index":"index","follow":"follow","max-snippet":"max-snippet:-1","max-image-preview":"max-image-preview:large","max-video-preview":"max-video-preview:-1"},"canonical":"https:\/\/www.svkst.unist.hr\/index.php\/iz-knjiznice\/zbogom-dolly\/","og_locale":"en_GB","og_type":"article","og_title":"Zbogom, Dolly - Sveu\u010dili\u0161na knji\u017enica u Splitu","og_description":"Pro\u0161log tjedna svijet se oprostio od Dolly Parton, pjeva\u010dice, spisateljice i, \u0161to je nama u knji\u017enici posebno blisko, jedne od najve\u0107ih zagovornica dje\u010dje","og_url":"https:\/\/www.svkst.unist.hr\/index.php\/iz-knjiznice\/zbogom-dolly\/","og_site_name":"Sveu\u010dili\u0161na knji\u017enica u Splitu","article_publisher":"https:\/\/www.facebook.com\/svkst.unist.hr\/","article_published_time":"2026-09-04T11:44:15+00:00","article_modified_time":"2026-09-04T11:44:19+00:00","og_image":[{"url":"https:\/\/i0.wp.com\/www.svkst.unist.hr\/wp-content\/uploads\/2026\/09\/Dolly_Parton_reads_to_children_in_the_Library_of_Congress_Great_Hall_in_2018-1024x641.png?ssl=1"}],"twitter_card":"summary_large_image","twitter_misc":{"Written by":"Tino Perlain","Estimated reading time":"2 minutes"},"schema":{"@context":"https:\/\/schema.org","@graph":[{"@type":"Organization","@id":"https:\/\/www.svkst.unist.hr\/#organization","name":"Sveu\u010dili\u0161na knji\u017enica u Splitu","url":"https:\/\/www.svkst.unist.hr\/","sameAs":["https:\/\/www.facebook.com\/svkst.unist.hr\/"],"logo":{"@type":"ImageObject","@id":"https:\/\/www.svkst.unist.hr\/#logo","inLanguage":"en-GB","url":"https:\/\/i2.wp.com\/www.svkst.unist.hr\/wp-content\/uploads\/2018\/02\/sveucilisna_iskaznica_logo_tisak-1.png?fit=600%2C219&ssl=1","contentUrl":"https:\/\/i2.wp.com\/www.svkst.unist.hr\/wp-content\/uploads\/2018\/02\/sveucilisna_iskaznica_logo_tisak-1.png?fit=600%2C219&ssl=1","width":600,"height":219,"caption":"Sveu\u010dili\u0161na knji\u017enica u Splitu"},"image":{"@id":"https:\/\/www.svkst.unist.hr\/#logo"}},{"@type":"WebSite","@id":"https:\/\/www.svkst.unist.hr\/#website","url":"https:\/\/www.svkst.unist.hr\/","name":"Sveu\u010dili\u0161na knji\u017enica u Splitu","description":"","publisher":{"@id":"https:\/\/www.svkst.unist.hr\/#organization"},"potentialAction":[{"@type":"SearchAction","target":{"@type":"EntryPoint","urlTemplate":"https:\/\/www.svkst.unist.hr\/?s={search_term_string}"},"query-input":"required name=search_term_string"}],"inLanguage":"en-GB"},{"@type":"ImageObject","@id":"https:\/\/www.svkst.unist.hr\/index.php\/iz-knjiznice\/zbogom-dolly\/#primaryimage","inLanguage":"en-GB","url":"https:\/\/i0.wp.com\/www.svkst.unist.hr\/wp-content\/uploads\/2026\/09\/Dolly_Parton_reads_to_children_in_the_Library_of_Congress_Great_Hall_in_2018-1024x641.png?ssl=1","contentUrl":"https:\/\/i0.wp.com\/www.svkst.unist.hr\/wp-content\/uploads\/2026\/09\/Dolly_Parton_reads_to_children_in_the_Library_of_Congress_Great_Hall_in_2018-1024x641.png?ssl=1"},{"@type":"WebPage","@id":"https:\/\/www.svkst.unist.hr\/index.php\/iz-knjiznice\/zbogom-dolly\/#webpage","url":"https:\/\/www.svkst.unist.hr\/index.php\/iz-knjiznice\/zbogom-dolly\/","name":"Zbogom, Dolly - Sveu\u010dili\u0161na knji\u017enica u Splitu","isPartOf":{"@id":"https:\/\/www.svkst.unist.hr\/#website"},"primaryImageOfPage":{"@id":"https:\/\/www.svkst.unist.hr\/index.php\/iz-knjiznice\/zbogom-dolly\/#primaryimage"},"datePublished":"2026-09-04T11:44:15+00:00","dateModified":"2026-09-04T11:44:19+00:00","description":"Pro\u0161log tjedna svijet se oprostio od Dolly Parton, pjeva\u010dice, spisateljice i, \u0161to je nama u knji\u017enici posebno blisko, jedne od najve\u0107ih zagovornica dje\u010dje","breadcrumb":{"@id":"https:\/\/www.svkst.unist.hr\/index.php\/iz-knjiznice\/zbogom-dolly\/#breadcrumb"},"inLanguage":"en-GB","potentialAction":[{"@type":"ReadAction","target":["https:\/\/www.svkst.unist.hr\/index.php\/iz-knjiznice\/zbogom-dolly\/"]}]},{"@type":"BreadcrumbList","@id":"https:\/\/www.svkst.unist.hr\/index.php\/iz-knjiznice\/zbogom-dolly\/#breadcrumb","itemListElement":[{"@type":"ListItem","position":1,"name":"Home","item":"https:\/\/www.svkst.unist.hr\/"},{"@type":"ListItem","position":2,"name":"IZ KNJI\u017dNICE ...","item":"https:\/\/www.svkst.unist.hr\/index.php\/category\/iz-knjiznice\/"},{"@type":"ListItem","position":3,"name":"Zbogom, Dolly"}]},{"@type":"Article","@id":"https:\/\/www.svkst.unist.hr\/index.php\/iz-knjiznice\/zbogom-dolly\/#article","isPartOf":{"@id":"https:\/\/www.svkst.unist.hr\/index.php\/iz-knjiznice\/zbogom-dolly\/#webpage"},"author":{"@id":"https:\/\/www.svkst.unist.hr\/#\/schema\/person\/d8b56fbc07ed14b3e6d0acad57bef350"},"headline":"Zbogom, Dolly","datePublished":"2026-09-04T11:44:15+00:00","dateModified":"2026-09-04T11:44:19+00:00","mainEntityOfPage":{"@id":"https:\/\/www.svkst.unist.hr\/index.php\/iz-knjiznice\/zbogom-dolly\/#webpage"},"wordCount":198,"publisher":{"@id":"https:\/\/www.svkst.unist.hr\/#organization"},"image":{"@id":"https:\/\/www.svkst.unist.hr\/index.php\/iz-knjiznice\/zbogom-dolly\/#primaryimage"},"thumbnailUrl":"https:\/\/i0.wp.com\/www.svkst.unist.hr\/wp-content\/uploads\/2026\/09\/Dolly_Parton_reads_to_children_in_the_Library_of_Congress_Great_Hall_in_2018-1024x641.png?ssl=1","articleSection":["IZ KNJI\u017dNICE ..."],"inLanguage":"en-GB"},{"@type":"Person","@id":"https:\/\/www.svkst.unist.hr\/#\/schema\/person\/d8b56fbc07ed14b3e6d0acad57bef350","name":"Tino Perlain"}]}},"jetpack_featured_media_url":"","jetpack_shortlink":"https:\/\/wp.me\/pan9Re-c0R","_links":{"self":[{"href":"https:\/\/www.svkst.unist.hr\/index.php\/wp-json\/wp\/v2\/posts\/46181"}],"collection":[{"href":"https:\/\/www.svkst.unist.hr\/index.php\/wp-json\/wp\/v2\/posts"}],"about":[{"href":"https:\/\/www.svkst.unist.hr\/index.php\/wp-json\/wp\/v2\/types\/post"}],"author":[{"embeddable":true,"href":"https:\/\/www.svkst.unist.hr\/index.php\/wp-json\/wp\/v2\/users\/17"}],"replies":[{"embeddable":true,"href":"https:\/\/www.svkst.unist.hr\/index.php\/wp-json\/wp\/v2\/comments?post=46181"}],"version-history":[{"count":8,"href":"https:\/\/www.svkst.unist.hr\/index.php\/wp-json\/wp\/v2\/posts\/46181\/revisions"}],"predecessor-version":[{"id":46189,"href":"https:\/\/www.svkst.unist.hr\/index.php\/wp-json\/wp\/v2\/posts\/46181\/revisions\/46189"}],"wp:attachment":[{"href":"https:\/\/www.svkst.unist.hr\/index.php\/wp-json\/wp\/v2\/media?parent=46181"}],"wp:term":[{"taxonomy":"category","embeddable":true,"href":"https:\/\/www.svkst.unist.hr\/index.php\/wp-json\/wp\/v2\/categories?post=46181"},{"taxonomy":"post_tag","embeddable":true,"href":"https:\/\/www.svkst.unist.hr\/index.php\/wp-json\/wp\/v2\/tags?post=46181"}],"curies":[{"name":"wp","href":"https:\/\/api.w.org\/{rel}","templated":true}]}}