{"id":46160,"date":"2026-09-02T11:15:19","date_gmt":"2026-09-02T09:15:19","guid":{"rendered":"https:\/\/www.svkst.unist.hr\/?p=46160"},"modified":"2026-09-02T11:21:18","modified_gmt":"2026-09-02T09:21:18","slug":"svecano-zatvaranje-monografske-izlozbe-slika-davorina-radica","status":"publish","type":"post","link":"https:\/\/www.svkst.unist.hr\/index.php\/novosti\/svecano-zatvaranje-monografske-izlozbe-slika-davorina-radica\/","title":{"rendered":"Sve\u010dano zatvaranje monografske izlo\u017ebe slika Davorina Radi\u0107a"},"content":{"rendered":"\n<style>\n  .svkst-davorin-tekst p {\n    text-align: justify !important;\n    hyphens: auto;\n  }\n\n  @media (max-width: 767px) {\n    .svkst-davorin-tekst p {\n      text-align: left !important;\n      hyphens: none;\n    }\n  }\n<\/style>\n\n<div style=\"display:flex; flex-wrap:wrap; gap:24px; align-items:flex-start;\">\n\n  <div style=\"flex:0 1 270px; max-width:100%;\">\n    <a\n      href=\"https:\/\/www.svkst.unist.hr\/wp-content\/uploads\/2026\/09\/Davorin-Radic-pozivnica.jpg\"\n      title=\"Otvori pozivnicu u punoj veli\u010dini\"\n      style=\"display:block;\"\n    >\n      <img\n        src=\"https:\/\/www.svkst.unist.hr\/wp-content\/uploads\/2026\/09\/Davorin-Radic-pozivnica.jpg\"\n        alt=\"Pozivnica za sve\u010dano zatvaranje monografske izlo\u017ebe Davorina Radi\u0107a\"\n        style=\"display:block; width:100%; height:auto; margin:0; cursor:zoom-in;\"\n      \/>\n    <\/a>\n  <\/div>\n\n  <div class=\"svkst-davorin-tekst\" style=\"flex:1 1 300px; min-width:0; padding-top:14px; box-sizing:border-box;\">\n    <p style=\"margin-top:0;\">\n      Pozivamo Vas na sve\u010dano zatvaranje monografske izlo\u017ebe akademskog slikara Davorina Radi\u0107a u <strong>\u010detvrtak, 3. rujna 2026. godine u 20 sati<\/strong> u Sveu\u010dili\u0161noj galeriji, Ru\u0111era Bo\u0161kovi\u0107a 31, Split.\n    <\/p>\n\n    <p>\n      Umjesto klasi\u010dnog otvorenja, zavr\u0161etak ove iznimne izlo\u017ebe obilje\u017eit \u0107emo susretom i dru\u017eenjem s autorom te kustosom Igorom Bre\u0161anom.\n    <\/p>\n\n    <p>\n      Izlo\u017eba obuhva\u0107a markantne cikluse \u201eMitovi\u201c i \u201eInterijeri\u201c. U prvom je pri\u010da o Dionisu neiscrpan likovni povod, dok drugi donosi male, svakodnevne trenutke bivanja u intimi vlastitoga prostora.\n    <\/p>\n  <\/div>\n\n<\/div>\n\n\n\n<div style=\"margin-top:32px;\">\n\n  <h4 class=\"svkst-ciljevi-lijevo\" style=\"margin:0 0 12px 0; text-align:left;\">\n    Ciljevi:\n  <\/h4>\n\n  <div style=\"display:flex; flex-wrap:wrap; gap:12px; align-items:flex-start;\">\n\n    <img loading=\"lazy\"\n      src=\"https:\/\/www.svkst.unist.hr\/wp-content\/uploads\/2023\/02\/sdg-4_hr_ikona-e1677492649908.png\"\n      alt=\"Kvalitetno obrazovanje (SDG 4)\"\n      width=\"125\"\n      height=\"125\"\n      style=\"display:block;\"\n    \/>\n\n    <img loading=\"lazy\"\n      src=\"https:\/\/www.svkst.unist.hr\/wp-content\/uploads\/2023\/02\/sdg-11_hr_ikona-e1677492562342.png\"\n      alt=\"Odr\u017eivi gradovi i zajednice (SDG 11)\"\n      width=\"125\"\n      height=\"125\"\n      style=\"display:block;\"\n    \/>\n\n  <\/div>\n\n<\/div>\n","protected":false},"excerpt":{"rendered":"<p>Pozivamo Vas na sve\u010dano zatvaranje monografske izlo\u017ebe akademskog slikara Davorina Radi\u0107a u \u010detvrtak, 3. rujna 2026. godine u 20 sati u Sveu\u010dili\u0161noj galeriji, Ru\u0111era Bo\u0161kovi\u0107a 31, Split. Umjesto klasi\u010dnog otvorenja, zavr\u0161etak ove iznimne izlo\u017ebe obilje\u017eit \u0107emo susretom i dru\u017eenjem s autorom te kustosom Igorom Bre\u0161anom. Izlo\u017eba obuhva\u0107a markantne cikluse \u201eMitovi\u201c i \u201eInterijeri\u201c. U prvom je [&hellip;]<\/p>\n","protected":false},"author":17,"featured_media":0,"comment_status":"closed","ping_status":"closed","sticky":false,"template":"","format":"standard","meta":{"spay_email":""},"categories":[49],"tags":[],"acf":[],"yoast_head":"<!-- This site is optimized with the Yoast SEO plugin v17.8 - https:\/\/yoast.com\/wordpress\/plugins\/seo\/ -->\n<title>Sve\u010dano zatvaranje monografske izlo\u017ebe slika Davorina Radi\u0107a - Sveu\u010dili\u0161na knji\u017enica u Splitu<\/title>\n<meta name=\"description\" content=\"Pozivamo Vas na sve\u010dano zatvaranje monografske izlo\u017ebe akademskog slikara Davorina Radi\u0107a u \u010detvrtak, 3. rujna 2026. godine u 20 sati u Sveu\u010dili\u0161noj\" \/>\n<meta name=\"robots\" content=\"index, follow, max-snippet:-1, max-image-preview:large, max-video-preview:-1\" \/>\n<link rel=\"canonical\" href=\"https:\/\/www.svkst.unist.hr\/index.php\/novosti\/svecano-zatvaranje-monografske-izlozbe-slika-davorina-radica\/\" \/>\n<meta property=\"og:locale\" content=\"en_GB\" \/>\n<meta property=\"og:type\" content=\"article\" \/>\n<meta property=\"og:title\" content=\"Sve\u010dano zatvaranje monografske izlo\u017ebe slika Davorina Radi\u0107a - Sveu\u010dili\u0161na knji\u017enica u Splitu\" \/>\n<meta property=\"og:description\" content=\"Pozivamo Vas na sve\u010dano zatvaranje monografske izlo\u017ebe akademskog slikara Davorina Radi\u0107a u \u010detvrtak, 3. rujna 2026. godine u 20 sati u Sveu\u010dili\u0161noj\" \/>\n<meta property=\"og:url\" content=\"https:\/\/www.svkst.unist.hr\/index.php\/novosti\/svecano-zatvaranje-monografske-izlozbe-slika-davorina-radica\/\" \/>\n<meta property=\"og:site_name\" content=\"Sveu\u010dili\u0161na knji\u017enica u Splitu\" \/>\n<meta property=\"article:publisher\" content=\"https:\/\/www.facebook.com\/svkst.unist.hr\/\" \/>\n<meta property=\"article:published_time\" content=\"2026-09-02T09:15:19+00:00\" \/>\n<meta property=\"article:modified_time\" content=\"2026-09-02T09:21:18+00:00\" \/>\n<meta name=\"twitter:card\" content=\"summary_large_image\" \/>\n<meta name=\"twitter:label1\" content=\"Written by\" \/>\n\t<meta name=\"twitter:data1\" content=\"Tino Perlain\" \/>\n\t<meta name=\"twitter:label2\" content=\"Estimated reading time\" \/>\n\t<meta name=\"twitter:data2\" content=\"2 minutes\" \/>\n<script type=\"application\/ld+json\" class=\"yoast-schema-graph\">{\"@context\":\"https:\/\/schema.org\",\"@graph\":[{\"@type\":\"Organization\",\"@id\":\"https:\/\/www.svkst.unist.hr\/#organization\",\"name\":\"Sveu\\u010dili\\u0161na knji\\u017enica u Splitu\",\"url\":\"https:\/\/www.svkst.unist.hr\/\",\"sameAs\":[\"https:\/\/www.facebook.com\/svkst.unist.hr\/\"],\"logo\":{\"@type\":\"ImageObject\",\"@id\":\"https:\/\/www.svkst.unist.hr\/#logo\",\"inLanguage\":\"en-GB\",\"url\":\"https:\/\/i2.wp.com\/www.svkst.unist.hr\/wp-content\/uploads\/2018\/02\/sveucilisna_iskaznica_logo_tisak-1.png?fit=600%2C219&ssl=1\",\"contentUrl\":\"https:\/\/i2.wp.com\/www.svkst.unist.hr\/wp-content\/uploads\/2018\/02\/sveucilisna_iskaznica_logo_tisak-1.png?fit=600%2C219&ssl=1\",\"width\":600,\"height\":219,\"caption\":\"Sveu\\u010dili\\u0161na knji\\u017enica u Splitu\"},\"image\":{\"@id\":\"https:\/\/www.svkst.unist.hr\/#logo\"}},{\"@type\":\"WebSite\",\"@id\":\"https:\/\/www.svkst.unist.hr\/#website\",\"url\":\"https:\/\/www.svkst.unist.hr\/\",\"name\":\"Sveu\\u010dili\\u0161na knji\\u017enica u Splitu\",\"description\":\"\",\"publisher\":{\"@id\":\"https:\/\/www.svkst.unist.hr\/#organization\"},\"potentialAction\":[{\"@type\":\"SearchAction\",\"target\":{\"@type\":\"EntryPoint\",\"urlTemplate\":\"https:\/\/www.svkst.unist.hr\/?s={search_term_string}\"},\"query-input\":\"required name=search_term_string\"}],\"inLanguage\":\"en-GB\"},{\"@type\":\"WebPage\",\"@id\":\"https:\/\/www.svkst.unist.hr\/index.php\/novosti\/svecano-zatvaranje-monografske-izlozbe-slika-davorina-radica\/#webpage\",\"url\":\"https:\/\/www.svkst.unist.hr\/index.php\/novosti\/svecano-zatvaranje-monografske-izlozbe-slika-davorina-radica\/\",\"name\":\"Sve\\u010dano zatvaranje monografske izlo\\u017ebe slika Davorina Radi\\u0107a - Sveu\\u010dili\\u0161na knji\\u017enica u Splitu\",\"isPartOf\":{\"@id\":\"https:\/\/www.svkst.unist.hr\/#website\"},\"datePublished\":\"2026-09-02T09:15:19+00:00\",\"dateModified\":\"2026-09-02T09:21:18+00:00\",\"description\":\"Pozivamo Vas na sve\\u010dano zatvaranje monografske izlo\\u017ebe akademskog slikara Davorina Radi\\u0107a u \\u010detvrtak, 3. rujna 2026. godine u 20 sati u Sveu\\u010dili\\u0161noj\",\"breadcrumb\":{\"@id\":\"https:\/\/www.svkst.unist.hr\/index.php\/novosti\/svecano-zatvaranje-monografske-izlozbe-slika-davorina-radica\/#breadcrumb\"},\"inLanguage\":\"en-GB\",\"potentialAction\":[{\"@type\":\"ReadAction\",\"target\":[\"https:\/\/www.svkst.unist.hr\/index.php\/novosti\/svecano-zatvaranje-monografske-izlozbe-slika-davorina-radica\/\"]}]},{\"@type\":\"BreadcrumbList\",\"@id\":\"https:\/\/www.svkst.unist.hr\/index.php\/novosti\/svecano-zatvaranje-monografske-izlozbe-slika-davorina-radica\/#breadcrumb\",\"itemListElement\":[{\"@type\":\"ListItem\",\"position\":1,\"name\":\"Home\",\"item\":\"https:\/\/www.svkst.unist.hr\/\"},{\"@type\":\"ListItem\",\"position\":2,\"name\":\"NOVOSTI\",\"item\":\"https:\/\/www.svkst.unist.hr\/index.php\/category\/novosti\/\"},{\"@type\":\"ListItem\",\"position\":3,\"name\":\"Sve\\u010dano zatvaranje monografske izlo\\u017ebe slika Davorina Radi\\u0107a\"}]},{\"@type\":\"Article\",\"@id\":\"https:\/\/www.svkst.unist.hr\/index.php\/novosti\/svecano-zatvaranje-monografske-izlozbe-slika-davorina-radica\/#article\",\"isPartOf\":{\"@id\":\"https:\/\/www.svkst.unist.hr\/index.php\/novosti\/svecano-zatvaranje-monografske-izlozbe-slika-davorina-radica\/#webpage\"},\"author\":{\"@id\":\"https:\/\/www.svkst.unist.hr\/#\/schema\/person\/d8b56fbc07ed14b3e6d0acad57bef350\"},\"headline\":\"Sve\\u010dano zatvaranje monografske izlo\\u017ebe slika Davorina Radi\\u0107a\",\"datePublished\":\"2026-09-02T09:15:19+00:00\",\"dateModified\":\"2026-09-02T09:21:18+00:00\",\"mainEntityOfPage\":{\"@id\":\"https:\/\/www.svkst.unist.hr\/index.php\/novosti\/svecano-zatvaranje-monografske-izlozbe-slika-davorina-radica\/#webpage\"},\"wordCount\":96,\"publisher\":{\"@id\":\"https:\/\/www.svkst.unist.hr\/#organization\"},\"articleSection\":[\"NOVOSTI\"],\"inLanguage\":\"en-GB\"},{\"@type\":\"Person\",\"@id\":\"https:\/\/www.svkst.unist.hr\/#\/schema\/person\/d8b56fbc07ed14b3e6d0acad57bef350\",\"name\":\"Tino Perlain\"}]}<\/script>\n<!-- \/ Yoast SEO plugin. -->","yoast_head_json":{"title":"Sve\u010dano zatvaranje monografske izlo\u017ebe slika Davorina Radi\u0107a - Sveu\u010dili\u0161na knji\u017enica u Splitu","description":"Pozivamo Vas na sve\u010dano zatvaranje monografske izlo\u017ebe akademskog slikara Davorina Radi\u0107a u \u010detvrtak, 3. rujna 2026. godine u 20 sati u Sveu\u010dili\u0161noj","robots":{"index":"index","follow":"follow","max-snippet":"max-snippet:-1","max-image-preview":"max-image-preview:large","max-video-preview":"max-video-preview:-1"},"canonical":"https:\/\/www.svkst.unist.hr\/index.php\/novosti\/svecano-zatvaranje-monografske-izlozbe-slika-davorina-radica\/","og_locale":"en_GB","og_type":"article","og_title":"Sve\u010dano zatvaranje monografske izlo\u017ebe slika Davorina Radi\u0107a - Sveu\u010dili\u0161na knji\u017enica u Splitu","og_description":"Pozivamo Vas na sve\u010dano zatvaranje monografske izlo\u017ebe akademskog slikara Davorina Radi\u0107a u \u010detvrtak, 3. rujna 2026. godine u 20 sati u Sveu\u010dili\u0161noj","og_url":"https:\/\/www.svkst.unist.hr\/index.php\/novosti\/svecano-zatvaranje-monografske-izlozbe-slika-davorina-radica\/","og_site_name":"Sveu\u010dili\u0161na knji\u017enica u Splitu","article_publisher":"https:\/\/www.facebook.com\/svkst.unist.hr\/","article_published_time":"2026-09-02T09:15:19+00:00","article_modified_time":"2026-09-02T09:21:18+00:00","twitter_card":"summary_large_image","twitter_misc":{"Written by":"Tino Perlain","Estimated reading time":"2 minutes"},"schema":{"@context":"https:\/\/schema.org","@graph":[{"@type":"Organization","@id":"https:\/\/www.svkst.unist.hr\/#organization","name":"Sveu\u010dili\u0161na knji\u017enica u Splitu","url":"https:\/\/www.svkst.unist.hr\/","sameAs":["https:\/\/www.facebook.com\/svkst.unist.hr\/"],"logo":{"@type":"ImageObject","@id":"https:\/\/www.svkst.unist.hr\/#logo","inLanguage":"en-GB","url":"https:\/\/i2.wp.com\/www.svkst.unist.hr\/wp-content\/uploads\/2018\/02\/sveucilisna_iskaznica_logo_tisak-1.png?fit=600%2C219&ssl=1","contentUrl":"https:\/\/i2.wp.com\/www.svkst.unist.hr\/wp-content\/uploads\/2018\/02\/sveucilisna_iskaznica_logo_tisak-1.png?fit=600%2C219&ssl=1","width":600,"height":219,"caption":"Sveu\u010dili\u0161na knji\u017enica u Splitu"},"image":{"@id":"https:\/\/www.svkst.unist.hr\/#logo"}},{"@type":"WebSite","@id":"https:\/\/www.svkst.unist.hr\/#website","url":"https:\/\/www.svkst.unist.hr\/","name":"Sveu\u010dili\u0161na knji\u017enica u Splitu","description":"","publisher":{"@id":"https:\/\/www.svkst.unist.hr\/#organization"},"potentialAction":[{"@type":"SearchAction","target":{"@type":"EntryPoint","urlTemplate":"https:\/\/www.svkst.unist.hr\/?s={search_term_string}"},"query-input":"required name=search_term_string"}],"inLanguage":"en-GB"},{"@type":"WebPage","@id":"https:\/\/www.svkst.unist.hr\/index.php\/novosti\/svecano-zatvaranje-monografske-izlozbe-slika-davorina-radica\/#webpage","url":"https:\/\/www.svkst.unist.hr\/index.php\/novosti\/svecano-zatvaranje-monografske-izlozbe-slika-davorina-radica\/","name":"Sve\u010dano zatvaranje monografske izlo\u017ebe slika Davorina Radi\u0107a - Sveu\u010dili\u0161na knji\u017enica u Splitu","isPartOf":{"@id":"https:\/\/www.svkst.unist.hr\/#website"},"datePublished":"2026-09-02T09:15:19+00:00","dateModified":"2026-09-02T09:21:18+00:00","description":"Pozivamo Vas na sve\u010dano zatvaranje monografske izlo\u017ebe akademskog slikara Davorina Radi\u0107a u \u010detvrtak, 3. rujna 2026. godine u 20 sati u Sveu\u010dili\u0161noj","breadcrumb":{"@id":"https:\/\/www.svkst.unist.hr\/index.php\/novosti\/svecano-zatvaranje-monografske-izlozbe-slika-davorina-radica\/#breadcrumb"},"inLanguage":"en-GB","potentialAction":[{"@type":"ReadAction","target":["https:\/\/www.svkst.unist.hr\/index.php\/novosti\/svecano-zatvaranje-monografske-izlozbe-slika-davorina-radica\/"]}]},{"@type":"BreadcrumbList","@id":"https:\/\/www.svkst.unist.hr\/index.php\/novosti\/svecano-zatvaranje-monografske-izlozbe-slika-davorina-radica\/#breadcrumb","itemListElement":[{"@type":"ListItem","position":1,"name":"Home","item":"https:\/\/www.svkst.unist.hr\/"},{"@type":"ListItem","position":2,"name":"NOVOSTI","item":"https:\/\/www.svkst.unist.hr\/index.php\/category\/novosti\/"},{"@type":"ListItem","position":3,"name":"Sve\u010dano zatvaranje monografske izlo\u017ebe slika Davorina Radi\u0107a"}]},{"@type":"Article","@id":"https:\/\/www.svkst.unist.hr\/index.php\/novosti\/svecano-zatvaranje-monografske-izlozbe-slika-davorina-radica\/#article","isPartOf":{"@id":"https:\/\/www.svkst.unist.hr\/index.php\/novosti\/svecano-zatvaranje-monografske-izlozbe-slika-davorina-radica\/#webpage"},"author":{"@id":"https:\/\/www.svkst.unist.hr\/#\/schema\/person\/d8b56fbc07ed14b3e6d0acad57bef350"},"headline":"Sve\u010dano zatvaranje monografske izlo\u017ebe slika Davorina Radi\u0107a","datePublished":"2026-09-02T09:15:19+00:00","dateModified":"2026-09-02T09:21:18+00:00","mainEntityOfPage":{"@id":"https:\/\/www.svkst.unist.hr\/index.php\/novosti\/svecano-zatvaranje-monografske-izlozbe-slika-davorina-radica\/#webpage"},"wordCount":96,"publisher":{"@id":"https:\/\/www.svkst.unist.hr\/#organization"},"articleSection":["NOVOSTI"],"inLanguage":"en-GB"},{"@type":"Person","@id":"https:\/\/www.svkst.unist.hr\/#\/schema\/person\/d8b56fbc07ed14b3e6d0acad57bef350","name":"Tino Perlain"}]}},"jetpack_featured_media_url":"","jetpack_shortlink":"https:\/\/wp.me\/pan9Re-c0w","_links":{"self":[{"href":"https:\/\/www.svkst.unist.hr\/index.php\/wp-json\/wp\/v2\/posts\/46160"}],"collection":[{"href":"https:\/\/www.svkst.unist.hr\/index.php\/wp-json\/wp\/v2\/posts"}],"about":[{"href":"https:\/\/www.svkst.unist.hr\/index.php\/wp-json\/wp\/v2\/types\/post"}],"author":[{"embeddable":true,"href":"https:\/\/www.svkst.unist.hr\/index.php\/wp-json\/wp\/v2\/users\/17"}],"replies":[{"embeddable":true,"href":"https:\/\/www.svkst.unist.hr\/index.php\/wp-json\/wp\/v2\/comments?post=46160"}],"version-history":[{"count":8,"href":"https:\/\/www.svkst.unist.hr\/index.php\/wp-json\/wp\/v2\/posts\/46160\/revisions"}],"predecessor-version":[{"id":46170,"href":"https:\/\/www.svkst.unist.hr\/index.php\/wp-json\/wp\/v2\/posts\/46160\/revisions\/46170"}],"wp:attachment":[{"href":"https:\/\/www.svkst.unist.hr\/index.php\/wp-json\/wp\/v2\/media?parent=46160"}],"wp:term":[{"taxonomy":"category","embeddable":true,"href":"https:\/\/www.svkst.unist.hr\/index.php\/wp-json\/wp\/v2\/categories?post=46160"},{"taxonomy":"post_tag","embeddable":true,"href":"https:\/\/www.svkst.unist.hr\/index.php\/wp-json\/wp\/v2\/tags?post=46160"}],"curies":[{"name":"wp","href":"https:\/\/api.w.org\/{rel}","templated":true}]}}