{"id":46148,"date":"2026-09-01T11:37:26","date_gmt":"2026-09-01T09:37:26","guid":{"rendered":"https:\/\/www.svkst.unist.hr\/?p=46148"},"modified":"2026-09-01T11:37:29","modified_gmt":"2026-09-01T09:37:29","slug":"da-se-ne-zaboravi-1-rujna-1939-pocetak-drugoga-svjetskog-rata","status":"publish","type":"post","link":"https:\/\/www.svkst.unist.hr\/index.php\/iz-knjiznice\/da-se-ne-zaboravi-1-rujna-1939-pocetak-drugoga-svjetskog-rata\/","title":{"rendered":"Da se ne zaboravi: 1. rujna 1939. \u2013 po\u010detak Drugoga svjetskog rata"},"content":{"rendered":"\n<div data-carousel-extra='{\"blog_id\":1,\"permalink\":\"https:\\\/\\\/www.svkst.unist.hr\\\/index.php\\\/iz-knjiznice\\\/da-se-ne-zaboravi-1-rujna-1939-pocetak-drugoga-svjetskog-rata\\\/\"}' class=\"svkst-justify-vijest\">\n  <p>1. rujna 1939. godine jedan je od najva\u017enijih i najtragi\u010dnijih datuma u suvremenoj povijesti. Toga dana nacisti\u010dka Njema\u010dka napala je Poljsku, \u010dime je zapo\u010deo Drugi svjetski rat, najve\u0107i oru\u017eani sukob u dotada\u0161njoj povijesti \u010dovje\u010danstva.<\/p>\n\n  <p>Kao odgovor na njema\u010dki napad, Velika Britanija i Francuska 3. rujna 1939. objavile su rat Njema\u010dkoj. Time se sukob pro\u0161irio izvan granica Poljske i prerastao u rat koji \u0107e tijekom sljede\u0107ih \u0161est godina zahvatiti velik dio svijeta.<\/p>\n\n  <p>Drugi svjetski rat donio je nezapam\u0107ena stradanja civilnog stanovni\u0161tva, masovna razaranja i sustavne zlo\u010dine. Rat je zavr\u0161io 1945. godine pobjedom Saveznika, ali uz desetke milijuna ljudskih \u017ertava i goleme posljedice koje su oblikovale svijet druge polovice 20. stolje\u0107a.<\/p>\n\n  <p>1. rujna stoga nije samo datum po\u010detka jednog rata \u2013 to je dan koji nas podsje\u0107a na cijenu agresije, diktature, netrpeljivosti i kr\u0161enja ljudskih prava te na va\u017enost o\u010duvanja mira i tolerancije.<\/p>\n<\/div>\n\n\n\n\n<div data-carousel-extra='{\"blog_id\":1,\"permalink\":\"https:\\\/\\\/www.svkst.unist.hr\\\/index.php\\\/iz-knjiznice\\\/da-se-ne-zaboravi-1-rujna-1939-pocetak-drugoga-svjetskog-rata\\\/\"}' class=\"wp-block-jetpack-tiled-gallery aligncenter is-style-rectangular\"><div data-carousel-extra='{\"blog_id\":1,\"permalink\":\"https:\\\/\\\/www.svkst.unist.hr\\\/index.php\\\/iz-knjiznice\\\/da-se-ne-zaboravi-1-rujna-1939-pocetak-drugoga-svjetskog-rata\\\/\"}' class=\"tiled-gallery__gallery\"><div data-carousel-extra='{\"blog_id\":1,\"permalink\":\"https:\\\/\\\/www.svkst.unist.hr\\\/index.php\\\/iz-knjiznice\\\/da-se-ne-zaboravi-1-rujna-1939-pocetak-drugoga-svjetskog-rata\\\/\"}' class=\"tiled-gallery__row\"><div data-carousel-extra='{\"blog_id\":1,\"permalink\":\"https:\\\/\\\/www.svkst.unist.hr\\\/index.php\\\/iz-knjiznice\\\/da-se-ne-zaboravi-1-rujna-1939-pocetak-drugoga-svjetskog-rata\\\/\"}' class=\"tiled-gallery__col\" style=\"flex-basis:36.38945%\"><figure class=\"tiled-gallery__item\"><img data-attachment-id=\"46151\" data-permalink=\"https:\/\/www.svkst.unist.hr\/index.php\/iz-knjiznice\/da-se-ne-zaboravi-1-rujna-1939-pocetak-drugoga-svjetskog-rata\/attachment\/drugi-svjetski-rat-1\/\" data-orig-file=\"https:\/\/www.svkst.unist.hr\/wp-content\/uploads\/2026\/09\/Drugi-svjetski-rat.1-scaled.jpg\" data-orig-size=\"1933,2560\" data-comments-opened=\"0\" data-image-meta=\"{&quot;aperture&quot;:&quot;0&quot;,&quot;credit&quot;:&quot;&quot;,&quot;camera&quot;:&quot;&quot;,&quot;caption&quot;:&quot;&quot;,&quot;created_timestamp&quot;:&quot;0&quot;,&quot;copyright&quot;:&quot;&quot;,&quot;focal_length&quot;:&quot;0&quot;,&quot;iso&quot;:&quot;0&quot;,&quot;shutter_speed&quot;:&quot;0&quot;,&quot;title&quot;:&quot;&quot;,&quot;orientation&quot;:&quot;0&quot;}\" data-image-title=\"Drugi-svjetski-rat.1\" data-image-description=\"\" data-image-caption=\"\" data-medium-file=\"https:\/\/www.svkst.unist.hr\/wp-content\/uploads\/2026\/09\/Drugi-svjetski-rat.1-226x300.jpg\" data-large-file=\"https:\/\/www.svkst.unist.hr\/wp-content\/uploads\/2026\/09\/Drugi-svjetski-rat.1-773x1024.jpg\" data-attachment-id=\"46151\" data-permalink=\"https:\/\/www.svkst.unist.hr\/index.php\/iz-knjiznice\/da-se-ne-zaboravi-1-rujna-1939-pocetak-drugoga-svjetskog-rata\/attachment\/drugi-svjetski-rat-1\/\" data-orig-file=\"https:\/\/www.svkst.unist.hr\/wp-content\/uploads\/2026\/09\/Drugi-svjetski-rat.1-scaled.jpg\" data-orig-size=\"1933,2560\" data-comments-opened=\"0\" data-image-meta=\"{&quot;aperture&quot;:&quot;0&quot;,&quot;credit&quot;:&quot;&quot;,&quot;camera&quot;:&quot;&quot;,&quot;caption&quot;:&quot;&quot;,&quot;created_timestamp&quot;:&quot;0&quot;,&quot;copyright&quot;:&quot;&quot;,&quot;focal_length&quot;:&quot;0&quot;,&quot;iso&quot;:&quot;0&quot;,&quot;shutter_speed&quot;:&quot;0&quot;,&quot;title&quot;:&quot;&quot;,&quot;orientation&quot;:&quot;0&quot;}\" data-image-title=\"Drugi-svjetski-rat.1\" data-image-description=\"\" data-image-caption=\"\" data-medium-file=\"https:\/\/www.svkst.unist.hr\/wp-content\/uploads\/2026\/09\/Drugi-svjetski-rat.1-226x300.jpg\" data-large-file=\"https:\/\/www.svkst.unist.hr\/wp-content\/uploads\/2026\/09\/Drugi-svjetski-rat.1-773x1024.jpg\" srcset=\"https:\/\/i1.wp.com\/www.svkst.unist.hr\/wp-content\/uploads\/2026\/09\/Drugi-svjetski-rat.1-773x1024.jpg?strip=info&#038;w=600&#038;ssl=1 600w,https:\/\/i1.wp.com\/www.svkst.unist.hr\/wp-content\/uploads\/2026\/09\/Drugi-svjetski-rat.1-773x1024.jpg?strip=info&#038;w=900&#038;ssl=1 900w,https:\/\/i1.wp.com\/www.svkst.unist.hr\/wp-content\/uploads\/2026\/09\/Drugi-svjetski-rat.1-773x1024.jpg?strip=info&#038;w=1200&#038;ssl=1 1200w,https:\/\/i1.wp.com\/www.svkst.unist.hr\/wp-content\/uploads\/2026\/09\/Drugi-svjetski-rat.1-773x1024.jpg?strip=info&#038;w=1500&#038;ssl=1 1500w,https:\/\/i1.wp.com\/www.svkst.unist.hr\/wp-content\/uploads\/2026\/09\/Drugi-svjetski-rat.1-773x1024.jpg?strip=info&#038;w=1800&#038;ssl=1 1800w,https:\/\/i1.wp.com\/www.svkst.unist.hr\/wp-content\/uploads\/2026\/09\/Drugi-svjetski-rat.1-773x1024.jpg?strip=info&#038;w=1933&#038;ssl=1 1933w\" alt=\"\" data-height=\"2560\" data-id=\"46151\" data-link=\"https:\/\/www.svkst.unist.hr\/?attachment_id=46151\" data-url=\"https:\/\/www.svkst.unist.hr\/wp-content\/uploads\/2026\/09\/Drugi-svjetski-rat.1-773x1024.jpg\" data-width=\"1933\" src=\"https:\/\/i1.wp.com\/www.svkst.unist.hr\/wp-content\/uploads\/2026\/09\/Drugi-svjetski-rat.1-773x1024.jpg?ssl=1\" data-amp-layout=\"responsive\"\/><\/figure><\/div><div data-carousel-extra='{\"blog_id\":1,\"permalink\":\"https:\\\/\\\/www.svkst.unist.hr\\\/index.php\\\/iz-knjiznice\\\/da-se-ne-zaboravi-1-rujna-1939-pocetak-drugoga-svjetskog-rata\\\/\"}' class=\"tiled-gallery__col\" style=\"flex-basis:32.38889%\"><figure class=\"tiled-gallery__item\"><img data-attachment-id=\"46153\" data-permalink=\"https:\/\/www.svkst.unist.hr\/index.php\/iz-knjiznice\/da-se-ne-zaboravi-1-rujna-1939-pocetak-drugoga-svjetskog-rata\/attachment\/drugi-svjetski-rat-4\/\" data-orig-file=\"https:\/\/www.svkst.unist.hr\/wp-content\/uploads\/2026\/09\/Drugi-svjetski-rat.4-scaled.jpg\" data-orig-size=\"1720,2560\" data-comments-opened=\"0\" data-image-meta=\"{&quot;aperture&quot;:&quot;0&quot;,&quot;credit&quot;:&quot;&quot;,&quot;camera&quot;:&quot;&quot;,&quot;caption&quot;:&quot;&quot;,&quot;created_timestamp&quot;:&quot;0&quot;,&quot;copyright&quot;:&quot;&quot;,&quot;focal_length&quot;:&quot;0&quot;,&quot;iso&quot;:&quot;0&quot;,&quot;shutter_speed&quot;:&quot;0&quot;,&quot;title&quot;:&quot;&quot;,&quot;orientation&quot;:&quot;0&quot;}\" data-image-title=\"Drugi-svjetski-rat.4\" data-image-description=\"\" data-image-caption=\"\" data-medium-file=\"https:\/\/www.svkst.unist.hr\/wp-content\/uploads\/2026\/09\/Drugi-svjetski-rat.4-202x300.jpg\" data-large-file=\"https:\/\/www.svkst.unist.hr\/wp-content\/uploads\/2026\/09\/Drugi-svjetski-rat.4-688x1024.jpg\" data-attachment-id=\"46153\" data-permalink=\"https:\/\/www.svkst.unist.hr\/index.php\/iz-knjiznice\/da-se-ne-zaboravi-1-rujna-1939-pocetak-drugoga-svjetskog-rata\/attachment\/drugi-svjetski-rat-4\/\" data-orig-file=\"https:\/\/www.svkst.unist.hr\/wp-content\/uploads\/2026\/09\/Drugi-svjetski-rat.4-scaled.jpg\" data-orig-size=\"1720,2560\" data-comments-opened=\"0\" data-image-meta=\"{&quot;aperture&quot;:&quot;0&quot;,&quot;credit&quot;:&quot;&quot;,&quot;camera&quot;:&quot;&quot;,&quot;caption&quot;:&quot;&quot;,&quot;created_timestamp&quot;:&quot;0&quot;,&quot;copyright&quot;:&quot;&quot;,&quot;focal_length&quot;:&quot;0&quot;,&quot;iso&quot;:&quot;0&quot;,&quot;shutter_speed&quot;:&quot;0&quot;,&quot;title&quot;:&quot;&quot;,&quot;orientation&quot;:&quot;0&quot;}\" data-image-title=\"Drugi-svjetski-rat.4\" data-image-description=\"\" data-image-caption=\"\" data-medium-file=\"https:\/\/www.svkst.unist.hr\/wp-content\/uploads\/2026\/09\/Drugi-svjetski-rat.4-202x300.jpg\" data-large-file=\"https:\/\/www.svkst.unist.hr\/wp-content\/uploads\/2026\/09\/Drugi-svjetski-rat.4-688x1024.jpg\" srcset=\"https:\/\/i2.wp.com\/www.svkst.unist.hr\/wp-content\/uploads\/2026\/09\/Drugi-svjetski-rat.4-688x1024.jpg?strip=info&#038;w=600&#038;ssl=1 600w,https:\/\/i2.wp.com\/www.svkst.unist.hr\/wp-content\/uploads\/2026\/09\/Drugi-svjetski-rat.4-688x1024.jpg?strip=info&#038;w=900&#038;ssl=1 900w,https:\/\/i2.wp.com\/www.svkst.unist.hr\/wp-content\/uploads\/2026\/09\/Drugi-svjetski-rat.4-688x1024.jpg?strip=info&#038;w=1200&#038;ssl=1 1200w,https:\/\/i2.wp.com\/www.svkst.unist.hr\/wp-content\/uploads\/2026\/09\/Drugi-svjetski-rat.4-688x1024.jpg?strip=info&#038;w=1500&#038;ssl=1 1500w,https:\/\/i2.wp.com\/www.svkst.unist.hr\/wp-content\/uploads\/2026\/09\/Drugi-svjetski-rat.4-688x1024.jpg?strip=info&#038;w=1720&#038;ssl=1 1720w\" alt=\"\" data-height=\"2560\" data-id=\"46153\" data-link=\"https:\/\/www.svkst.unist.hr\/?attachment_id=46153\" data-url=\"https:\/\/www.svkst.unist.hr\/wp-content\/uploads\/2026\/09\/Drugi-svjetski-rat.4-688x1024.jpg\" data-width=\"1720\" src=\"https:\/\/i2.wp.com\/www.svkst.unist.hr\/wp-content\/uploads\/2026\/09\/Drugi-svjetski-rat.4-688x1024.jpg?ssl=1\" data-amp-layout=\"responsive\"\/><\/figure><\/div><div data-carousel-extra='{\"blog_id\":1,\"permalink\":\"https:\\\/\\\/www.svkst.unist.hr\\\/index.php\\\/iz-knjiznice\\\/da-se-ne-zaboravi-1-rujna-1939-pocetak-drugoga-svjetskog-rata\\\/\"}' class=\"tiled-gallery__col\" style=\"flex-basis:31.22166%\"><figure class=\"tiled-gallery__item\"><img data-attachment-id=\"46154\" data-permalink=\"https:\/\/www.svkst.unist.hr\/index.php\/iz-knjiznice\/da-se-ne-zaboravi-1-rujna-1939-pocetak-drugoga-svjetskog-rata\/attachment\/drugi-svjetski-rat-2\/\" data-orig-file=\"https:\/\/www.svkst.unist.hr\/wp-content\/uploads\/2026\/09\/Drugi-svjetski-rat.2.jpg\" data-orig-size=\"1551,2395\" data-comments-opened=\"0\" data-image-meta=\"{&quot;aperture&quot;:&quot;0&quot;,&quot;credit&quot;:&quot;&quot;,&quot;camera&quot;:&quot;&quot;,&quot;caption&quot;:&quot;&quot;,&quot;created_timestamp&quot;:&quot;0&quot;,&quot;copyright&quot;:&quot;&quot;,&quot;focal_length&quot;:&quot;0&quot;,&quot;iso&quot;:&quot;0&quot;,&quot;shutter_speed&quot;:&quot;0&quot;,&quot;title&quot;:&quot;&quot;,&quot;orientation&quot;:&quot;0&quot;}\" data-image-title=\"Drugi-svjetski-rat.2\" data-image-description=\"\" data-image-caption=\"\" data-medium-file=\"https:\/\/www.svkst.unist.hr\/wp-content\/uploads\/2026\/09\/Drugi-svjetski-rat.2-194x300.jpg\" data-large-file=\"https:\/\/www.svkst.unist.hr\/wp-content\/uploads\/2026\/09\/Drugi-svjetski-rat.2-663x1024.jpg\" data-attachment-id=\"46154\" data-permalink=\"https:\/\/www.svkst.unist.hr\/index.php\/iz-knjiznice\/da-se-ne-zaboravi-1-rujna-1939-pocetak-drugoga-svjetskog-rata\/attachment\/drugi-svjetski-rat-2\/\" data-orig-file=\"https:\/\/www.svkst.unist.hr\/wp-content\/uploads\/2026\/09\/Drugi-svjetski-rat.2.jpg\" data-orig-size=\"1551,2395\" data-comments-opened=\"0\" data-image-meta=\"{&quot;aperture&quot;:&quot;0&quot;,&quot;credit&quot;:&quot;&quot;,&quot;camera&quot;:&quot;&quot;,&quot;caption&quot;:&quot;&quot;,&quot;created_timestamp&quot;:&quot;0&quot;,&quot;copyright&quot;:&quot;&quot;,&quot;focal_length&quot;:&quot;0&quot;,&quot;iso&quot;:&quot;0&quot;,&quot;shutter_speed&quot;:&quot;0&quot;,&quot;title&quot;:&quot;&quot;,&quot;orientation&quot;:&quot;0&quot;}\" data-image-title=\"Drugi-svjetski-rat.2\" data-image-description=\"\" data-image-caption=\"\" data-medium-file=\"https:\/\/www.svkst.unist.hr\/wp-content\/uploads\/2026\/09\/Drugi-svjetski-rat.2-194x300.jpg\" data-large-file=\"https:\/\/www.svkst.unist.hr\/wp-content\/uploads\/2026\/09\/Drugi-svjetski-rat.2-663x1024.jpg\" srcset=\"https:\/\/i0.wp.com\/www.svkst.unist.hr\/wp-content\/uploads\/2026\/09\/Drugi-svjetski-rat.2-663x1024.jpg?strip=info&#038;w=600&#038;ssl=1 600w,https:\/\/i0.wp.com\/www.svkst.unist.hr\/wp-content\/uploads\/2026\/09\/Drugi-svjetski-rat.2-663x1024.jpg?strip=info&#038;w=900&#038;ssl=1 900w,https:\/\/i0.wp.com\/www.svkst.unist.hr\/wp-content\/uploads\/2026\/09\/Drugi-svjetski-rat.2-663x1024.jpg?strip=info&#038;w=1200&#038;ssl=1 1200w,https:\/\/i0.wp.com\/www.svkst.unist.hr\/wp-content\/uploads\/2026\/09\/Drugi-svjetski-rat.2-663x1024.jpg?strip=info&#038;w=1500&#038;ssl=1 1500w,https:\/\/i0.wp.com\/www.svkst.unist.hr\/wp-content\/uploads\/2026\/09\/Drugi-svjetski-rat.2-663x1024.jpg?strip=info&#038;w=1551&#038;ssl=1 1551w\" alt=\"\" data-height=\"2395\" data-id=\"46154\" data-link=\"https:\/\/www.svkst.unist.hr\/?attachment_id=46154\" data-url=\"https:\/\/www.svkst.unist.hr\/wp-content\/uploads\/2026\/09\/Drugi-svjetski-rat.2-663x1024.jpg\" data-width=\"1551\" src=\"https:\/\/i0.wp.com\/www.svkst.unist.hr\/wp-content\/uploads\/2026\/09\/Drugi-svjetski-rat.2-663x1024.jpg?ssl=1\" data-amp-layout=\"responsive\"\/><\/figure><\/div><\/div><\/div><\/div>\n","protected":false},"excerpt":{"rendered":"<p>1. rujna 1939. godine jedan je od najva\u017enijih i najtragi\u010dnijih datuma u suvremenoj povijesti. Toga dana nacisti\u010dka Njema\u010dka napala je Poljsku, \u010dime je zapo\u010deo Drugi svjetski rat, najve\u0107i oru\u017eani sukob u dotada\u0161njoj povijesti \u010dovje\u010danstva. Kao odgovor na njema\u010dki napad, Velika Britanija i Francuska 3. rujna 1939. objavile su rat Njema\u010dkoj. Time se sukob pro\u0161irio izvan [&hellip;]<\/p>\n","protected":false},"author":17,"featured_media":0,"comment_status":"closed","ping_status":"closed","sticky":false,"template":"","format":"standard","meta":{"spay_email":""},"categories":[112],"tags":[],"acf":[],"yoast_head":"<!-- This site is optimized with the Yoast SEO plugin v17.8 - https:\/\/yoast.com\/wordpress\/plugins\/seo\/ -->\n<title>Da se ne zaboravi: 1. rujna 1939. \u2013 po\u010detak Drugoga svjetskog rata - Sveu\u010dili\u0161na knji\u017enica u Splitu<\/title>\n<meta name=\"description\" content=\"1. rujna 1939. godine jedan je od najva\u017enijih i najtragi\u010dnijih datuma u suvremenoj povijesti. Toga dana nacisti\u010dka Njema\u010dka napala je Poljsku, \u010dime je\" \/>\n<meta name=\"robots\" content=\"index, follow, max-snippet:-1, max-image-preview:large, max-video-preview:-1\" \/>\n<link rel=\"canonical\" href=\"https:\/\/www.svkst.unist.hr\/index.php\/iz-knjiznice\/da-se-ne-zaboravi-1-rujna-1939-pocetak-drugoga-svjetskog-rata\/\" \/>\n<meta property=\"og:locale\" content=\"en_GB\" \/>\n<meta property=\"og:type\" content=\"article\" \/>\n<meta property=\"og:title\" content=\"Da se ne zaboravi: 1. rujna 1939. \u2013 po\u010detak Drugoga svjetskog rata - Sveu\u010dili\u0161na knji\u017enica u Splitu\" \/>\n<meta property=\"og:description\" content=\"1. rujna 1939. godine jedan je od najva\u017enijih i najtragi\u010dnijih datuma u suvremenoj povijesti. Toga dana nacisti\u010dka Njema\u010dka napala je Poljsku, \u010dime je\" \/>\n<meta property=\"og:url\" content=\"https:\/\/www.svkst.unist.hr\/index.php\/iz-knjiznice\/da-se-ne-zaboravi-1-rujna-1939-pocetak-drugoga-svjetskog-rata\/\" \/>\n<meta property=\"og:site_name\" content=\"Sveu\u010dili\u0161na knji\u017enica u Splitu\" \/>\n<meta property=\"article:publisher\" content=\"https:\/\/www.facebook.com\/svkst.unist.hr\/\" \/>\n<meta property=\"article:published_time\" content=\"2026-09-01T09:37:26+00:00\" \/>\n<meta property=\"article:modified_time\" content=\"2026-09-01T09:37:29+00:00\" \/>\n<meta property=\"og:image\" content=\"https:\/\/i1.wp.com\/www.svkst.unist.hr\/wp-content\/uploads\/2026\/09\/Drugi-svjetski-rat.1-773x1024.jpg?ssl=1\" \/>\n<meta name=\"twitter:card\" content=\"summary_large_image\" \/>\n<meta name=\"twitter:label1\" content=\"Written by\" \/>\n\t<meta name=\"twitter:data1\" content=\"Tino Perlain\" \/>\n\t<meta name=\"twitter:label2\" content=\"Estimated reading time\" \/>\n\t<meta name=\"twitter:data2\" content=\"2 minutes\" \/>\n<script type=\"application\/ld+json\" class=\"yoast-schema-graph\">{\"@context\":\"https:\/\/schema.org\",\"@graph\":[{\"@type\":\"Organization\",\"@id\":\"https:\/\/www.svkst.unist.hr\/#organization\",\"name\":\"Sveu\\u010dili\\u0161na knji\\u017enica u Splitu\",\"url\":\"https:\/\/www.svkst.unist.hr\/\",\"sameAs\":[\"https:\/\/www.facebook.com\/svkst.unist.hr\/\"],\"logo\":{\"@type\":\"ImageObject\",\"@id\":\"https:\/\/www.svkst.unist.hr\/#logo\",\"inLanguage\":\"en-GB\",\"url\":\"https:\/\/i2.wp.com\/www.svkst.unist.hr\/wp-content\/uploads\/2018\/02\/sveucilisna_iskaznica_logo_tisak-1.png?fit=600%2C219&ssl=1\",\"contentUrl\":\"https:\/\/i2.wp.com\/www.svkst.unist.hr\/wp-content\/uploads\/2018\/02\/sveucilisna_iskaznica_logo_tisak-1.png?fit=600%2C219&ssl=1\",\"width\":600,\"height\":219,\"caption\":\"Sveu\\u010dili\\u0161na knji\\u017enica u Splitu\"},\"image\":{\"@id\":\"https:\/\/www.svkst.unist.hr\/#logo\"}},{\"@type\":\"WebSite\",\"@id\":\"https:\/\/www.svkst.unist.hr\/#website\",\"url\":\"https:\/\/www.svkst.unist.hr\/\",\"name\":\"Sveu\\u010dili\\u0161na knji\\u017enica u Splitu\",\"description\":\"\",\"publisher\":{\"@id\":\"https:\/\/www.svkst.unist.hr\/#organization\"},\"potentialAction\":[{\"@type\":\"SearchAction\",\"target\":{\"@type\":\"EntryPoint\",\"urlTemplate\":\"https:\/\/www.svkst.unist.hr\/?s={search_term_string}\"},\"query-input\":\"required name=search_term_string\"}],\"inLanguage\":\"en-GB\"},{\"@type\":\"ImageObject\",\"@id\":\"https:\/\/www.svkst.unist.hr\/index.php\/iz-knjiznice\/da-se-ne-zaboravi-1-rujna-1939-pocetak-drugoga-svjetskog-rata\/#primaryimage\",\"inLanguage\":\"en-GB\",\"url\":\"https:\/\/i1.wp.com\/www.svkst.unist.hr\/wp-content\/uploads\/2026\/09\/Drugi-svjetski-rat.1-773x1024.jpg?ssl=1\",\"contentUrl\":\"https:\/\/i1.wp.com\/www.svkst.unist.hr\/wp-content\/uploads\/2026\/09\/Drugi-svjetski-rat.1-773x1024.jpg?ssl=1\"},{\"@type\":\"WebPage\",\"@id\":\"https:\/\/www.svkst.unist.hr\/index.php\/iz-knjiznice\/da-se-ne-zaboravi-1-rujna-1939-pocetak-drugoga-svjetskog-rata\/#webpage\",\"url\":\"https:\/\/www.svkst.unist.hr\/index.php\/iz-knjiznice\/da-se-ne-zaboravi-1-rujna-1939-pocetak-drugoga-svjetskog-rata\/\",\"name\":\"Da se ne zaboravi: 1. rujna 1939. \\u2013 po\\u010detak Drugoga svjetskog rata - Sveu\\u010dili\\u0161na knji\\u017enica u Splitu\",\"isPartOf\":{\"@id\":\"https:\/\/www.svkst.unist.hr\/#website\"},\"primaryImageOfPage\":{\"@id\":\"https:\/\/www.svkst.unist.hr\/index.php\/iz-knjiznice\/da-se-ne-zaboravi-1-rujna-1939-pocetak-drugoga-svjetskog-rata\/#primaryimage\"},\"datePublished\":\"2026-09-01T09:37:26+00:00\",\"dateModified\":\"2026-09-01T09:37:29+00:00\",\"description\":\"1. rujna 1939. godine jedan je od najva\\u017enijih i najtragi\\u010dnijih datuma u suvremenoj povijesti. Toga dana nacisti\\u010dka Njema\\u010dka napala je Poljsku, \\u010dime je\",\"breadcrumb\":{\"@id\":\"https:\/\/www.svkst.unist.hr\/index.php\/iz-knjiznice\/da-se-ne-zaboravi-1-rujna-1939-pocetak-drugoga-svjetskog-rata\/#breadcrumb\"},\"inLanguage\":\"en-GB\",\"potentialAction\":[{\"@type\":\"ReadAction\",\"target\":[\"https:\/\/www.svkst.unist.hr\/index.php\/iz-knjiznice\/da-se-ne-zaboravi-1-rujna-1939-pocetak-drugoga-svjetskog-rata\/\"]}]},{\"@type\":\"BreadcrumbList\",\"@id\":\"https:\/\/www.svkst.unist.hr\/index.php\/iz-knjiznice\/da-se-ne-zaboravi-1-rujna-1939-pocetak-drugoga-svjetskog-rata\/#breadcrumb\",\"itemListElement\":[{\"@type\":\"ListItem\",\"position\":1,\"name\":\"Home\",\"item\":\"https:\/\/www.svkst.unist.hr\/\"},{\"@type\":\"ListItem\",\"position\":2,\"name\":\"IZ KNJI\\u017dNICE ...\",\"item\":\"https:\/\/www.svkst.unist.hr\/index.php\/category\/iz-knjiznice\/\"},{\"@type\":\"ListItem\",\"position\":3,\"name\":\"Da se ne zaboravi: 1. rujna 1939. \\u2013 po\\u010detak Drugoga svjetskog rata\"}]},{\"@type\":\"Article\",\"@id\":\"https:\/\/www.svkst.unist.hr\/index.php\/iz-knjiznice\/da-se-ne-zaboravi-1-rujna-1939-pocetak-drugoga-svjetskog-rata\/#article\",\"isPartOf\":{\"@id\":\"https:\/\/www.svkst.unist.hr\/index.php\/iz-knjiznice\/da-se-ne-zaboravi-1-rujna-1939-pocetak-drugoga-svjetskog-rata\/#webpage\"},\"author\":{\"@id\":\"https:\/\/www.svkst.unist.hr\/#\/schema\/person\/d8b56fbc07ed14b3e6d0acad57bef350\"},\"headline\":\"Da se ne zaboravi: 1. rujna 1939. \\u2013 po\\u010detak Drugoga svjetskog rata\",\"datePublished\":\"2026-09-01T09:37:26+00:00\",\"dateModified\":\"2026-09-01T09:37:29+00:00\",\"mainEntityOfPage\":{\"@id\":\"https:\/\/www.svkst.unist.hr\/index.php\/iz-knjiznice\/da-se-ne-zaboravi-1-rujna-1939-pocetak-drugoga-svjetskog-rata\/#webpage\"},\"wordCount\":166,\"publisher\":{\"@id\":\"https:\/\/www.svkst.unist.hr\/#organization\"},\"image\":{\"@id\":\"https:\/\/www.svkst.unist.hr\/index.php\/iz-knjiznice\/da-se-ne-zaboravi-1-rujna-1939-pocetak-drugoga-svjetskog-rata\/#primaryimage\"},\"thumbnailUrl\":\"https:\/\/i1.wp.com\/www.svkst.unist.hr\/wp-content\/uploads\/2026\/09\/Drugi-svjetski-rat.1-773x1024.jpg?ssl=1\",\"articleSection\":[\"IZ KNJI\\u017dNICE ...\"],\"inLanguage\":\"en-GB\"},{\"@type\":\"Person\",\"@id\":\"https:\/\/www.svkst.unist.hr\/#\/schema\/person\/d8b56fbc07ed14b3e6d0acad57bef350\",\"name\":\"Tino Perlain\"}]}<\/script>\n<!-- \/ Yoast SEO plugin. -->","yoast_head_json":{"title":"Da se ne zaboravi: 1. rujna 1939. \u2013 po\u010detak Drugoga svjetskog rata - Sveu\u010dili\u0161na knji\u017enica u Splitu","description":"1. rujna 1939. godine jedan je od najva\u017enijih i najtragi\u010dnijih datuma u suvremenoj povijesti. Toga dana nacisti\u010dka Njema\u010dka napala je Poljsku, \u010dime je","robots":{"index":"index","follow":"follow","max-snippet":"max-snippet:-1","max-image-preview":"max-image-preview:large","max-video-preview":"max-video-preview:-1"},"canonical":"https:\/\/www.svkst.unist.hr\/index.php\/iz-knjiznice\/da-se-ne-zaboravi-1-rujna-1939-pocetak-drugoga-svjetskog-rata\/","og_locale":"en_GB","og_type":"article","og_title":"Da se ne zaboravi: 1. rujna 1939. \u2013 po\u010detak Drugoga svjetskog rata - Sveu\u010dili\u0161na knji\u017enica u Splitu","og_description":"1. rujna 1939. godine jedan je od najva\u017enijih i najtragi\u010dnijih datuma u suvremenoj povijesti. Toga dana nacisti\u010dka Njema\u010dka napala je Poljsku, \u010dime je","og_url":"https:\/\/www.svkst.unist.hr\/index.php\/iz-knjiznice\/da-se-ne-zaboravi-1-rujna-1939-pocetak-drugoga-svjetskog-rata\/","og_site_name":"Sveu\u010dili\u0161na knji\u017enica u Splitu","article_publisher":"https:\/\/www.facebook.com\/svkst.unist.hr\/","article_published_time":"2026-09-01T09:37:26+00:00","article_modified_time":"2026-09-01T09:37:29+00:00","og_image":[{"url":"https:\/\/i1.wp.com\/www.svkst.unist.hr\/wp-content\/uploads\/2026\/09\/Drugi-svjetski-rat.1-773x1024.jpg?ssl=1"}],"twitter_card":"summary_large_image","twitter_misc":{"Written by":"Tino Perlain","Estimated reading time":"2 minutes"},"schema":{"@context":"https:\/\/schema.org","@graph":[{"@type":"Organization","@id":"https:\/\/www.svkst.unist.hr\/#organization","name":"Sveu\u010dili\u0161na knji\u017enica u Splitu","url":"https:\/\/www.svkst.unist.hr\/","sameAs":["https:\/\/www.facebook.com\/svkst.unist.hr\/"],"logo":{"@type":"ImageObject","@id":"https:\/\/www.svkst.unist.hr\/#logo","inLanguage":"en-GB","url":"https:\/\/i2.wp.com\/www.svkst.unist.hr\/wp-content\/uploads\/2018\/02\/sveucilisna_iskaznica_logo_tisak-1.png?fit=600%2C219&ssl=1","contentUrl":"https:\/\/i2.wp.com\/www.svkst.unist.hr\/wp-content\/uploads\/2018\/02\/sveucilisna_iskaznica_logo_tisak-1.png?fit=600%2C219&ssl=1","width":600,"height":219,"caption":"Sveu\u010dili\u0161na knji\u017enica u Splitu"},"image":{"@id":"https:\/\/www.svkst.unist.hr\/#logo"}},{"@type":"WebSite","@id":"https:\/\/www.svkst.unist.hr\/#website","url":"https:\/\/www.svkst.unist.hr\/","name":"Sveu\u010dili\u0161na knji\u017enica u Splitu","description":"","publisher":{"@id":"https:\/\/www.svkst.unist.hr\/#organization"},"potentialAction":[{"@type":"SearchAction","target":{"@type":"EntryPoint","urlTemplate":"https:\/\/www.svkst.unist.hr\/?s={search_term_string}"},"query-input":"required name=search_term_string"}],"inLanguage":"en-GB"},{"@type":"ImageObject","@id":"https:\/\/www.svkst.unist.hr\/index.php\/iz-knjiznice\/da-se-ne-zaboravi-1-rujna-1939-pocetak-drugoga-svjetskog-rata\/#primaryimage","inLanguage":"en-GB","url":"https:\/\/i1.wp.com\/www.svkst.unist.hr\/wp-content\/uploads\/2026\/09\/Drugi-svjetski-rat.1-773x1024.jpg?ssl=1","contentUrl":"https:\/\/i1.wp.com\/www.svkst.unist.hr\/wp-content\/uploads\/2026\/09\/Drugi-svjetski-rat.1-773x1024.jpg?ssl=1"},{"@type":"WebPage","@id":"https:\/\/www.svkst.unist.hr\/index.php\/iz-knjiznice\/da-se-ne-zaboravi-1-rujna-1939-pocetak-drugoga-svjetskog-rata\/#webpage","url":"https:\/\/www.svkst.unist.hr\/index.php\/iz-knjiznice\/da-se-ne-zaboravi-1-rujna-1939-pocetak-drugoga-svjetskog-rata\/","name":"Da se ne zaboravi: 1. rujna 1939. \u2013 po\u010detak Drugoga svjetskog rata - Sveu\u010dili\u0161na knji\u017enica u Splitu","isPartOf":{"@id":"https:\/\/www.svkst.unist.hr\/#website"},"primaryImageOfPage":{"@id":"https:\/\/www.svkst.unist.hr\/index.php\/iz-knjiznice\/da-se-ne-zaboravi-1-rujna-1939-pocetak-drugoga-svjetskog-rata\/#primaryimage"},"datePublished":"2026-09-01T09:37:26+00:00","dateModified":"2026-09-01T09:37:29+00:00","description":"1. rujna 1939. godine jedan je od najva\u017enijih i najtragi\u010dnijih datuma u suvremenoj povijesti. Toga dana nacisti\u010dka Njema\u010dka napala je Poljsku, \u010dime je","breadcrumb":{"@id":"https:\/\/www.svkst.unist.hr\/index.php\/iz-knjiznice\/da-se-ne-zaboravi-1-rujna-1939-pocetak-drugoga-svjetskog-rata\/#breadcrumb"},"inLanguage":"en-GB","potentialAction":[{"@type":"ReadAction","target":["https:\/\/www.svkst.unist.hr\/index.php\/iz-knjiznice\/da-se-ne-zaboravi-1-rujna-1939-pocetak-drugoga-svjetskog-rata\/"]}]},{"@type":"BreadcrumbList","@id":"https:\/\/www.svkst.unist.hr\/index.php\/iz-knjiznice\/da-se-ne-zaboravi-1-rujna-1939-pocetak-drugoga-svjetskog-rata\/#breadcrumb","itemListElement":[{"@type":"ListItem","position":1,"name":"Home","item":"https:\/\/www.svkst.unist.hr\/"},{"@type":"ListItem","position":2,"name":"IZ KNJI\u017dNICE ...","item":"https:\/\/www.svkst.unist.hr\/index.php\/category\/iz-knjiznice\/"},{"@type":"ListItem","position":3,"name":"Da se ne zaboravi: 1. rujna 1939. \u2013 po\u010detak Drugoga svjetskog rata"}]},{"@type":"Article","@id":"https:\/\/www.svkst.unist.hr\/index.php\/iz-knjiznice\/da-se-ne-zaboravi-1-rujna-1939-pocetak-drugoga-svjetskog-rata\/#article","isPartOf":{"@id":"https:\/\/www.svkst.unist.hr\/index.php\/iz-knjiznice\/da-se-ne-zaboravi-1-rujna-1939-pocetak-drugoga-svjetskog-rata\/#webpage"},"author":{"@id":"https:\/\/www.svkst.unist.hr\/#\/schema\/person\/d8b56fbc07ed14b3e6d0acad57bef350"},"headline":"Da se ne zaboravi: 1. rujna 1939. \u2013 po\u010detak Drugoga svjetskog rata","datePublished":"2026-09-01T09:37:26+00:00","dateModified":"2026-09-01T09:37:29+00:00","mainEntityOfPage":{"@id":"https:\/\/www.svkst.unist.hr\/index.php\/iz-knjiznice\/da-se-ne-zaboravi-1-rujna-1939-pocetak-drugoga-svjetskog-rata\/#webpage"},"wordCount":166,"publisher":{"@id":"https:\/\/www.svkst.unist.hr\/#organization"},"image":{"@id":"https:\/\/www.svkst.unist.hr\/index.php\/iz-knjiznice\/da-se-ne-zaboravi-1-rujna-1939-pocetak-drugoga-svjetskog-rata\/#primaryimage"},"thumbnailUrl":"https:\/\/i1.wp.com\/www.svkst.unist.hr\/wp-content\/uploads\/2026\/09\/Drugi-svjetski-rat.1-773x1024.jpg?ssl=1","articleSection":["IZ KNJI\u017dNICE ..."],"inLanguage":"en-GB"},{"@type":"Person","@id":"https:\/\/www.svkst.unist.hr\/#\/schema\/person\/d8b56fbc07ed14b3e6d0acad57bef350","name":"Tino Perlain"}]}},"jetpack_featured_media_url":"","jetpack_shortlink":"https:\/\/wp.me\/pan9Re-c0k","_links":{"self":[{"href":"https:\/\/www.svkst.unist.hr\/index.php\/wp-json\/wp\/v2\/posts\/46148"}],"collection":[{"href":"https:\/\/www.svkst.unist.hr\/index.php\/wp-json\/wp\/v2\/posts"}],"about":[{"href":"https:\/\/www.svkst.unist.hr\/index.php\/wp-json\/wp\/v2\/types\/post"}],"author":[{"embeddable":true,"href":"https:\/\/www.svkst.unist.hr\/index.php\/wp-json\/wp\/v2\/users\/17"}],"replies":[{"embeddable":true,"href":"https:\/\/www.svkst.unist.hr\/index.php\/wp-json\/wp\/v2\/comments?post=46148"}],"version-history":[{"count":5,"href":"https:\/\/www.svkst.unist.hr\/index.php\/wp-json\/wp\/v2\/posts\/46148\/revisions"}],"predecessor-version":[{"id":46157,"href":"https:\/\/www.svkst.unist.hr\/index.php\/wp-json\/wp\/v2\/posts\/46148\/revisions\/46157"}],"wp:attachment":[{"href":"https:\/\/www.svkst.unist.hr\/index.php\/wp-json\/wp\/v2\/media?parent=46148"}],"wp:term":[{"taxonomy":"category","embeddable":true,"href":"https:\/\/www.svkst.unist.hr\/index.php\/wp-json\/wp\/v2\/categories?post=46148"},{"taxonomy":"post_tag","embeddable":true,"href":"https:\/\/www.svkst.unist.hr\/index.php\/wp-json\/wp\/v2\/tags?post=46148"}],"curies":[{"name":"wp","href":"https:\/\/api.w.org\/{rel}","templated":true}]}}