{"id":45815,"date":"2026-04-29T15:11:36","date_gmt":"2026-04-29T13:11:36","guid":{"rendered":"https:\/\/www.svkst.unist.hr\/?p=45815"},"modified":"2026-04-29T15:11:40","modified_gmt":"2026-04-29T13:11:40","slug":"poziv-na-otvorenje-izlozbe-povijesnih-dokumenata-o-mons-dr-josipu-mariji-carevicu","status":"publish","type":"post","link":"https:\/\/www.svkst.unist.hr\/index.php\/novosti\/poziv-na-otvorenje-izlozbe-povijesnih-dokumenata-o-mons-dr-josipu-mariji-carevicu\/","title":{"rendered":"Poziv na otvorenje izlo\u017ebe povijesnih dokumenata o mons. dr. Josipu Mariji Carevi\u0107u"},"content":{"rendered":"\n<p>Sveu\u010dili\u0161te u Splitu i Sveu\u010dili\u0161na knji\u017enica u Splitu pozivaju Vas na otvorenje izlo\u017ebe povijesnih dokumenata <strong>o mons. dr. Josipu Mariji Carevi\u0107u<\/strong>, koje \u0107e se odr\u017eati u utorak, <strong>5. svibnja 2026. u 12 sati<\/strong> u predvorju <strong>Sveu\u010dili\u0161ne knji\u017enice u Splitu<\/strong>, Ru\u0111era Bo\u0161kovi\u0107a 31.<\/p>\n\n\n\n<p>Izlo\u017eba donosi izbor povijesnih dokumenata koji svjedo\u010de o \u017eivotu i djelovanju mons. dr. Josipa Marije Carevi\u0107a, hrvatskog sve\u0107enika i biskupa, te pru\u017ea uvid u va\u017ene segmente njegova duhovnog, pastoralnog i povijesnog naslje\u0111a.<\/p>\n\n\n\n<p>Poseban naglasak izlo\u017ebe stavljen je na sna\u017enu povezanost mons. Carevi\u0107a sa Splitom. Najve\u0107i dio svoga \u017eivota proveo je upravo u tom gradu, u koji je do\u0161ao sa svega dvanaest godina i koji ga je u velikoj mjeri oblikovao. Uz kra\u0107e prekide zbog \u0161kolovanja u Rimu, u Splitu je \u017eivio ukupno trideset i \u010detiri godine. Zbog svoje predanosti i djelovanja me\u0111u ljudima stekao je naziv \u201esve\u0107enik radnik\u201c, dok ga se, prema njegovu djelovanju u Dubrovniku, s pravom mo\u017ee nazvati i \u201ebiskupom radnikom\u201c.<\/p>\n\n\n\n<p>Izlo\u017eba obuhva\u0107a ukupno 47 panela s vrijednim arhivskim dokumentima, fotografijama i zapisima koji rekonstruiraju njegov \u017eivotni put &#8211; od formativnih godina i sve\u0107eni\u010dke slu\u017ebe u Splitu do biskupske slu\u017ebe i tragi\u010dnog zavr\u0161etka \u017eivota. Najve\u0107i dio gra\u0111e za izlo\u017ebu potje\u010de iz zbirke gospodina Matka Kri\u017eanca iz Zagreba, koji ju je nesebi\u010dno ustupio za ovu prigodu, a danas se trajno \u010duva u Dr\u017eavnom arhivu u Dubrovniku. Uz navedenu zbirku, izlo\u017eba uklju\u010duje i dokumente te fotografije iz zbirki i arhiva Marija Talaji\u0107a, Vivian Grisogono, Nikice Carevi\u0107a, Lukrecije Oman-Dobri\u0107 te Nadbiskupskog arhiva u Splitu.<\/p>\n\n\n\n<p>U pripremi izlo\u017ebe u velikoj je mjeri kori\u0161ten istra\u017eiva\u010dki rad povjesni\u010dara Mije Igora Ostoji\u0107a iz Zagreba. Izlo\u017ebu \u0107e predstaviti suautori Mario Talaji\u0107 i don Josip Krpi\u0107, koji je ujedno preveo dokumente s latinskog i talijanskog jezika.<\/p>\n\n\n\n<p>Realizacija izlo\u017ebe ostvarena je potporom Splitsko-dalmatinske \u017eupanije.<\/p>\n\n\n\n<p>Izlo\u017eba ostaje otvorena do 30. lipnja 2026.<\/p>\n\n\n\n<figure class=\"wp-block-image size-large\"><img loading=\"lazy\" width=\"1024\" height=\"732\" src=\"https:\/\/www.svkst.unist.hr\/wp-content\/uploads\/2026\/04\/pozivnica-Mons.-dr.-Josip-Juraj-Carevic-1.pdf-pdf-1024x732.jpg\" alt=\"\" class=\"wp-image-45816\"\/><\/figure>\n\n\n\n<h4>Ciljevi:<\/h4>\n\n\n\n<div class=\"wp-block-columns\">\n<div class=\"wp-block-column\">\n<figure class=\"wp-block-image size-large\"><img data-attachment-id=\"13847\" data-permalink=\"https:\/\/www.svkst.unist.hr\/sdg-4_hr_ikona\/\" data-orig-file=\"https:\/\/www.svkst.unist.hr\/wp-content\/uploads\/2023\/02\/sdg-4_hr_ikona-e1677492649908.png\" data-orig-size=\"125,125\" data-comments-opened=\"0\" data-image-meta=\"{&quot;aperture&quot;:&quot;0&quot;,&quot;credit&quot;:&quot;&quot;,&quot;camera&quot;:&quot;&quot;,&quot;caption&quot;:&quot;&quot;,&quot;created_timestamp&quot;:&quot;0&quot;,&quot;copyright&quot;:&quot;&quot;,&quot;focal_length&quot;:&quot;0&quot;,&quot;iso&quot;:&quot;0&quot;,&quot;shutter_speed&quot;:&quot;0&quot;,&quot;title&quot;:&quot;&quot;,&quot;orientation&quot;:&quot;0&quot;}\" data-image-title=\"Kvalitetno obrazovanje\" data-image-description=\"\" data-image-caption=\"\" data-medium-file=\"https:\/\/www.svkst.unist.hr\/wp-content\/uploads\/2023\/02\/sdg-4_hr_ikona-300x300.png\" data-large-file=\"https:\/\/www.svkst.unist.hr\/wp-content\/uploads\/2023\/02\/sdg-4_hr_ikona-e1677492649908.png\" loading=\"lazy\" width=\"125\" height=\"125\" src=\"https:\/\/www.svkst.unist.hr\/wp-content\/uploads\/2023\/02\/sdg-4_hr_ikona-e1677492649908.png\" alt=\"Kvalitetno obrazovanje (SDG 4)\" class=\"wp-image-13847\"\/><\/figure>\n<\/div>\n\n\n\n<div class=\"wp-block-column\">\n<figure class=\"wp-block-image size-large\"><img data-attachment-id=\"13854\" data-permalink=\"https:\/\/www.svkst.unist.hr\/sdg-11_hr_ikona\/\" data-orig-file=\"https:\/\/www.svkst.unist.hr\/wp-content\/uploads\/2023\/02\/sdg-11_hr_ikona-e1677492562342.png\" data-orig-size=\"125,125\" data-comments-opened=\"0\" data-image-meta=\"{&quot;aperture&quot;:&quot;0&quot;,&quot;credit&quot;:&quot;&quot;,&quot;camera&quot;:&quot;&quot;,&quot;caption&quot;:&quot;&quot;,&quot;created_timestamp&quot;:&quot;0&quot;,&quot;copyright&quot;:&quot;&quot;,&quot;focal_length&quot;:&quot;0&quot;,&quot;iso&quot;:&quot;0&quot;,&quot;shutter_speed&quot;:&quot;0&quot;,&quot;title&quot;:&quot;&quot;,&quot;orientation&quot;:&quot;0&quot;}\" data-image-title=\"Odr\u017eivi gradovi i zajednice\" data-image-description=\"\" data-image-caption=\"\" data-medium-file=\"https:\/\/www.svkst.unist.hr\/wp-content\/uploads\/2023\/02\/sdg-11_hr_ikona-300x300.png\" data-large-file=\"https:\/\/www.svkst.unist.hr\/wp-content\/uploads\/2023\/02\/sdg-11_hr_ikona-e1677492562342.png\" loading=\"lazy\" width=\"125\" height=\"125\" src=\"https:\/\/www.svkst.unist.hr\/wp-content\/uploads\/2023\/02\/sdg-11_hr_ikona-e1677492562342.png\" alt=\"Odr\u017eivi gradovi i zajednice (SDG 11)\" class=\"wp-image-13854\"\/><\/figure>\n<\/div>\n\n\n\n<div class=\"wp-block-column\"><\/div>\n\n\n\n<div class=\"wp-block-column\"><\/div>\n\n\n\n<div class=\"wp-block-column\"><\/div>\n<\/div>\n","protected":false},"excerpt":{"rendered":"<p>Sveu\u010dili\u0161te u Splitu i Sveu\u010dili\u0161na knji\u017enica u Splitu pozivaju Vas na otvorenje izlo\u017ebe povijesnih dokumenata o mons. dr. Josipu Mariji Carevi\u0107u, koje \u0107e se odr\u017eati u utorak, 5. svibnja 2026. u 12 sati u predvorju Sveu\u010dili\u0161ne knji\u017enice u Splitu, Ru\u0111era Bo\u0161kovi\u0107a 31. Izlo\u017eba donosi izbor povijesnih dokumenata koji svjedo\u010de o \u017eivotu i djelovanju mons. dr. [&hellip;]<\/p>\n","protected":false},"author":14,"featured_media":0,"comment_status":"closed","ping_status":"closed","sticky":false,"template":"","format":"standard","meta":{"spay_email":""},"categories":[98,49,105,94],"tags":[],"acf":[],"yoast_head":"<!-- This site is optimized with the Yoast SEO plugin v17.8 - https:\/\/yoast.com\/wordpress\/plugins\/seo\/ -->\n<title>Poziv na otvorenje izlo\u017ebe povijesnih dokumenata o mons. dr. Josipu Mariji Carevi\u0107u - Sveu\u010dili\u0161na knji\u017enica u Splitu<\/title>\n<meta name=\"description\" content=\"Sveu\u010dili\u0161te u Splitu i Sveu\u010dili\u0161na knji\u017enica u Splitu pozivaju Vas na otvorenje izlo\u017ebe povijesnih dokumenata o mons. dr. Josipu Mariji Carevi\u0107u, koje \u0107e\" \/>\n<meta name=\"robots\" content=\"index, follow, max-snippet:-1, max-image-preview:large, max-video-preview:-1\" \/>\n<link rel=\"canonical\" href=\"https:\/\/www.svkst.unist.hr\/index.php\/novosti\/poziv-na-otvorenje-izlozbe-povijesnih-dokumenata-o-mons-dr-josipu-mariji-carevicu\/\" \/>\n<meta property=\"og:locale\" content=\"en_GB\" \/>\n<meta property=\"og:type\" content=\"article\" \/>\n<meta property=\"og:title\" content=\"Poziv na otvorenje izlo\u017ebe povijesnih dokumenata o mons. dr. Josipu Mariji Carevi\u0107u - Sveu\u010dili\u0161na knji\u017enica u Splitu\" \/>\n<meta property=\"og:description\" content=\"Sveu\u010dili\u0161te u Splitu i Sveu\u010dili\u0161na knji\u017enica u Splitu pozivaju Vas na otvorenje izlo\u017ebe povijesnih dokumenata o mons. dr. Josipu Mariji Carevi\u0107u, koje \u0107e\" \/>\n<meta property=\"og:url\" content=\"https:\/\/www.svkst.unist.hr\/index.php\/novosti\/poziv-na-otvorenje-izlozbe-povijesnih-dokumenata-o-mons-dr-josipu-mariji-carevicu\/\" \/>\n<meta property=\"og:site_name\" content=\"Sveu\u010dili\u0161na knji\u017enica u Splitu\" \/>\n<meta property=\"article:publisher\" content=\"https:\/\/www.facebook.com\/svkst.unist.hr\/\" \/>\n<meta property=\"article:published_time\" content=\"2026-04-29T13:11:36+00:00\" \/>\n<meta property=\"article:modified_time\" content=\"2026-04-29T13:11:40+00:00\" \/>\n<meta property=\"og:image\" content=\"https:\/\/www.svkst.unist.hr\/wp-content\/uploads\/2026\/04\/pozivnica-Mons.-dr.-Josip-Juraj-Carevic-1.pdf-pdf-1024x732.jpg\" \/>\n<meta name=\"twitter:card\" content=\"summary_large_image\" \/>\n<meta name=\"twitter:label1\" content=\"Written by\" \/>\n\t<meta name=\"twitter:data1\" content=\"jmadunic\" \/>\n\t<meta name=\"twitter:label2\" content=\"Estimated reading time\" \/>\n\t<meta name=\"twitter:data2\" content=\"2 minutes\" \/>\n<script type=\"application\/ld+json\" class=\"yoast-schema-graph\">{\"@context\":\"https:\/\/schema.org\",\"@graph\":[{\"@type\":\"Organization\",\"@id\":\"https:\/\/www.svkst.unist.hr\/#organization\",\"name\":\"Sveu\\u010dili\\u0161na knji\\u017enica u Splitu\",\"url\":\"https:\/\/www.svkst.unist.hr\/\",\"sameAs\":[\"https:\/\/www.facebook.com\/svkst.unist.hr\/\"],\"logo\":{\"@type\":\"ImageObject\",\"@id\":\"https:\/\/www.svkst.unist.hr\/#logo\",\"inLanguage\":\"en-GB\",\"url\":\"https:\/\/i2.wp.com\/www.svkst.unist.hr\/wp-content\/uploads\/2018\/02\/sveucilisna_iskaznica_logo_tisak-1.png?fit=600%2C219&ssl=1\",\"contentUrl\":\"https:\/\/i2.wp.com\/www.svkst.unist.hr\/wp-content\/uploads\/2018\/02\/sveucilisna_iskaznica_logo_tisak-1.png?fit=600%2C219&ssl=1\",\"width\":600,\"height\":219,\"caption\":\"Sveu\\u010dili\\u0161na knji\\u017enica u Splitu\"},\"image\":{\"@id\":\"https:\/\/www.svkst.unist.hr\/#logo\"}},{\"@type\":\"WebSite\",\"@id\":\"https:\/\/www.svkst.unist.hr\/#website\",\"url\":\"https:\/\/www.svkst.unist.hr\/\",\"name\":\"Sveu\\u010dili\\u0161na knji\\u017enica u Splitu\",\"description\":\"\",\"publisher\":{\"@id\":\"https:\/\/www.svkst.unist.hr\/#organization\"},\"potentialAction\":[{\"@type\":\"SearchAction\",\"target\":{\"@type\":\"EntryPoint\",\"urlTemplate\":\"https:\/\/www.svkst.unist.hr\/?s={search_term_string}\"},\"query-input\":\"required name=search_term_string\"}],\"inLanguage\":\"en-GB\"},{\"@type\":\"ImageObject\",\"@id\":\"https:\/\/www.svkst.unist.hr\/index.php\/novosti\/poziv-na-otvorenje-izlozbe-povijesnih-dokumenata-o-mons-dr-josipu-mariji-carevicu\/#primaryimage\",\"inLanguage\":\"en-GB\",\"url\":\"https:\/\/www.svkst.unist.hr\/wp-content\/uploads\/2026\/04\/pozivnica-Mons.-dr.-Josip-Juraj-Carevic-1.pdf-pdf-1024x732.jpg\",\"contentUrl\":\"https:\/\/www.svkst.unist.hr\/wp-content\/uploads\/2026\/04\/pozivnica-Mons.-dr.-Josip-Juraj-Carevic-1.pdf-pdf-1024x732.jpg\"},{\"@type\":\"WebPage\",\"@id\":\"https:\/\/www.svkst.unist.hr\/index.php\/novosti\/poziv-na-otvorenje-izlozbe-povijesnih-dokumenata-o-mons-dr-josipu-mariji-carevicu\/#webpage\",\"url\":\"https:\/\/www.svkst.unist.hr\/index.php\/novosti\/poziv-na-otvorenje-izlozbe-povijesnih-dokumenata-o-mons-dr-josipu-mariji-carevicu\/\",\"name\":\"Poziv na otvorenje izlo\\u017ebe povijesnih dokumenata o mons. dr. Josipu Mariji Carevi\\u0107u - Sveu\\u010dili\\u0161na knji\\u017enica u Splitu\",\"isPartOf\":{\"@id\":\"https:\/\/www.svkst.unist.hr\/#website\"},\"primaryImageOfPage\":{\"@id\":\"https:\/\/www.svkst.unist.hr\/index.php\/novosti\/poziv-na-otvorenje-izlozbe-povijesnih-dokumenata-o-mons-dr-josipu-mariji-carevicu\/#primaryimage\"},\"datePublished\":\"2026-04-29T13:11:36+00:00\",\"dateModified\":\"2026-04-29T13:11:40+00:00\",\"description\":\"Sveu\\u010dili\\u0161te u Splitu i Sveu\\u010dili\\u0161na knji\\u017enica u Splitu pozivaju Vas na otvorenje izlo\\u017ebe povijesnih dokumenata o mons. dr. Josipu Mariji Carevi\\u0107u, koje \\u0107e\",\"breadcrumb\":{\"@id\":\"https:\/\/www.svkst.unist.hr\/index.php\/novosti\/poziv-na-otvorenje-izlozbe-povijesnih-dokumenata-o-mons-dr-josipu-mariji-carevicu\/#breadcrumb\"},\"inLanguage\":\"en-GB\",\"potentialAction\":[{\"@type\":\"ReadAction\",\"target\":[\"https:\/\/www.svkst.unist.hr\/index.php\/novosti\/poziv-na-otvorenje-izlozbe-povijesnih-dokumenata-o-mons-dr-josipu-mariji-carevicu\/\"]}]},{\"@type\":\"BreadcrumbList\",\"@id\":\"https:\/\/www.svkst.unist.hr\/index.php\/novosti\/poziv-na-otvorenje-izlozbe-povijesnih-dokumenata-o-mons-dr-josipu-mariji-carevicu\/#breadcrumb\",\"itemListElement\":[{\"@type\":\"ListItem\",\"position\":1,\"name\":\"Home\",\"item\":\"https:\/\/www.svkst.unist.hr\/\"},{\"@type\":\"ListItem\",\"position\":2,\"name\":\"NOVOSTI\",\"item\":\"https:\/\/www.svkst.unist.hr\/index.php\/category\/novosti\/\"},{\"@type\":\"ListItem\",\"position\":3,\"name\":\"Poziv na otvorenje izlo\\u017ebe povijesnih dokumenata o mons. dr. Josipu Mariji Carevi\\u0107u\"}]},{\"@type\":\"Article\",\"@id\":\"https:\/\/www.svkst.unist.hr\/index.php\/novosti\/poziv-na-otvorenje-izlozbe-povijesnih-dokumenata-o-mons-dr-josipu-mariji-carevicu\/#article\",\"isPartOf\":{\"@id\":\"https:\/\/www.svkst.unist.hr\/index.php\/novosti\/poziv-na-otvorenje-izlozbe-povijesnih-dokumenata-o-mons-dr-josipu-mariji-carevicu\/#webpage\"},\"author\":{\"@id\":\"https:\/\/www.svkst.unist.hr\/#\/schema\/person\/317a3317d31226bab473c851dd6149ab\"},\"headline\":\"Poziv na otvorenje izlo\\u017ebe povijesnih dokumenata o mons. dr. Josipu Mariji Carevi\\u0107u\",\"datePublished\":\"2026-04-29T13:11:36+00:00\",\"dateModified\":\"2026-04-29T13:11:40+00:00\",\"mainEntityOfPage\":{\"@id\":\"https:\/\/www.svkst.unist.hr\/index.php\/novosti\/poziv-na-otvorenje-izlozbe-povijesnih-dokumenata-o-mons-dr-josipu-mariji-carevicu\/#webpage\"},\"wordCount\":361,\"publisher\":{\"@id\":\"https:\/\/www.svkst.unist.hr\/#organization\"},\"image\":{\"@id\":\"https:\/\/www.svkst.unist.hr\/index.php\/novosti\/poziv-na-otvorenje-izlozbe-povijesnih-dokumenata-o-mons-dr-josipu-mariji-carevicu\/#primaryimage\"},\"thumbnailUrl\":\"https:\/\/www.svkst.unist.hr\/wp-content\/uploads\/2026\/04\/pozivnica-Mons.-dr.-Josip-Juraj-Carevic-1.pdf-pdf-1024x732.jpg\",\"articleSection\":[\"Kvalitetno obrazovanje (SDG 4)\",\"NOVOSTI\",\"Odr\\u017eivi gradovi i zajednice (SDG 11)\",\"SDG\"],\"inLanguage\":\"en-GB\"},{\"@type\":\"Person\",\"@id\":\"https:\/\/www.svkst.unist.hr\/#\/schema\/person\/317a3317d31226bab473c851dd6149ab\",\"name\":\"jmadunic\"}]}<\/script>\n<!-- \/ Yoast SEO plugin. -->","yoast_head_json":{"title":"Poziv na otvorenje izlo\u017ebe povijesnih dokumenata o mons. dr. Josipu Mariji Carevi\u0107u - Sveu\u010dili\u0161na knji\u017enica u Splitu","description":"Sveu\u010dili\u0161te u Splitu i Sveu\u010dili\u0161na knji\u017enica u Splitu pozivaju Vas na otvorenje izlo\u017ebe povijesnih dokumenata o mons. dr. Josipu Mariji Carevi\u0107u, koje \u0107e","robots":{"index":"index","follow":"follow","max-snippet":"max-snippet:-1","max-image-preview":"max-image-preview:large","max-video-preview":"max-video-preview:-1"},"canonical":"https:\/\/www.svkst.unist.hr\/index.php\/novosti\/poziv-na-otvorenje-izlozbe-povijesnih-dokumenata-o-mons-dr-josipu-mariji-carevicu\/","og_locale":"en_GB","og_type":"article","og_title":"Poziv na otvorenje izlo\u017ebe povijesnih dokumenata o mons. dr. Josipu Mariji Carevi\u0107u - Sveu\u010dili\u0161na knji\u017enica u Splitu","og_description":"Sveu\u010dili\u0161te u Splitu i Sveu\u010dili\u0161na knji\u017enica u Splitu pozivaju Vas na otvorenje izlo\u017ebe povijesnih dokumenata o mons. dr. Josipu Mariji Carevi\u0107u, koje \u0107e","og_url":"https:\/\/www.svkst.unist.hr\/index.php\/novosti\/poziv-na-otvorenje-izlozbe-povijesnih-dokumenata-o-mons-dr-josipu-mariji-carevicu\/","og_site_name":"Sveu\u010dili\u0161na knji\u017enica u Splitu","article_publisher":"https:\/\/www.facebook.com\/svkst.unist.hr\/","article_published_time":"2026-04-29T13:11:36+00:00","article_modified_time":"2026-04-29T13:11:40+00:00","og_image":[{"url":"https:\/\/www.svkst.unist.hr\/wp-content\/uploads\/2026\/04\/pozivnica-Mons.-dr.-Josip-Juraj-Carevic-1.pdf-pdf-1024x732.jpg"}],"twitter_card":"summary_large_image","twitter_misc":{"Written by":"jmadunic","Estimated reading time":"2 minutes"},"schema":{"@context":"https:\/\/schema.org","@graph":[{"@type":"Organization","@id":"https:\/\/www.svkst.unist.hr\/#organization","name":"Sveu\u010dili\u0161na knji\u017enica u Splitu","url":"https:\/\/www.svkst.unist.hr\/","sameAs":["https:\/\/www.facebook.com\/svkst.unist.hr\/"],"logo":{"@type":"ImageObject","@id":"https:\/\/www.svkst.unist.hr\/#logo","inLanguage":"en-GB","url":"https:\/\/i2.wp.com\/www.svkst.unist.hr\/wp-content\/uploads\/2018\/02\/sveucilisna_iskaznica_logo_tisak-1.png?fit=600%2C219&ssl=1","contentUrl":"https:\/\/i2.wp.com\/www.svkst.unist.hr\/wp-content\/uploads\/2018\/02\/sveucilisna_iskaznica_logo_tisak-1.png?fit=600%2C219&ssl=1","width":600,"height":219,"caption":"Sveu\u010dili\u0161na knji\u017enica u Splitu"},"image":{"@id":"https:\/\/www.svkst.unist.hr\/#logo"}},{"@type":"WebSite","@id":"https:\/\/www.svkst.unist.hr\/#website","url":"https:\/\/www.svkst.unist.hr\/","name":"Sveu\u010dili\u0161na knji\u017enica u Splitu","description":"","publisher":{"@id":"https:\/\/www.svkst.unist.hr\/#organization"},"potentialAction":[{"@type":"SearchAction","target":{"@type":"EntryPoint","urlTemplate":"https:\/\/www.svkst.unist.hr\/?s={search_term_string}"},"query-input":"required name=search_term_string"}],"inLanguage":"en-GB"},{"@type":"ImageObject","@id":"https:\/\/www.svkst.unist.hr\/index.php\/novosti\/poziv-na-otvorenje-izlozbe-povijesnih-dokumenata-o-mons-dr-josipu-mariji-carevicu\/#primaryimage","inLanguage":"en-GB","url":"https:\/\/www.svkst.unist.hr\/wp-content\/uploads\/2026\/04\/pozivnica-Mons.-dr.-Josip-Juraj-Carevic-1.pdf-pdf-1024x732.jpg","contentUrl":"https:\/\/www.svkst.unist.hr\/wp-content\/uploads\/2026\/04\/pozivnica-Mons.-dr.-Josip-Juraj-Carevic-1.pdf-pdf-1024x732.jpg"},{"@type":"WebPage","@id":"https:\/\/www.svkst.unist.hr\/index.php\/novosti\/poziv-na-otvorenje-izlozbe-povijesnih-dokumenata-o-mons-dr-josipu-mariji-carevicu\/#webpage","url":"https:\/\/www.svkst.unist.hr\/index.php\/novosti\/poziv-na-otvorenje-izlozbe-povijesnih-dokumenata-o-mons-dr-josipu-mariji-carevicu\/","name":"Poziv na otvorenje izlo\u017ebe povijesnih dokumenata o mons. dr. Josipu Mariji Carevi\u0107u - Sveu\u010dili\u0161na knji\u017enica u Splitu","isPartOf":{"@id":"https:\/\/www.svkst.unist.hr\/#website"},"primaryImageOfPage":{"@id":"https:\/\/www.svkst.unist.hr\/index.php\/novosti\/poziv-na-otvorenje-izlozbe-povijesnih-dokumenata-o-mons-dr-josipu-mariji-carevicu\/#primaryimage"},"datePublished":"2026-04-29T13:11:36+00:00","dateModified":"2026-04-29T13:11:40+00:00","description":"Sveu\u010dili\u0161te u Splitu i Sveu\u010dili\u0161na knji\u017enica u Splitu pozivaju Vas na otvorenje izlo\u017ebe povijesnih dokumenata o mons. dr. Josipu Mariji Carevi\u0107u, koje \u0107e","breadcrumb":{"@id":"https:\/\/www.svkst.unist.hr\/index.php\/novosti\/poziv-na-otvorenje-izlozbe-povijesnih-dokumenata-o-mons-dr-josipu-mariji-carevicu\/#breadcrumb"},"inLanguage":"en-GB","potentialAction":[{"@type":"ReadAction","target":["https:\/\/www.svkst.unist.hr\/index.php\/novosti\/poziv-na-otvorenje-izlozbe-povijesnih-dokumenata-o-mons-dr-josipu-mariji-carevicu\/"]}]},{"@type":"BreadcrumbList","@id":"https:\/\/www.svkst.unist.hr\/index.php\/novosti\/poziv-na-otvorenje-izlozbe-povijesnih-dokumenata-o-mons-dr-josipu-mariji-carevicu\/#breadcrumb","itemListElement":[{"@type":"ListItem","position":1,"name":"Home","item":"https:\/\/www.svkst.unist.hr\/"},{"@type":"ListItem","position":2,"name":"NOVOSTI","item":"https:\/\/www.svkst.unist.hr\/index.php\/category\/novosti\/"},{"@type":"ListItem","position":3,"name":"Poziv na otvorenje izlo\u017ebe povijesnih dokumenata o mons. dr. Josipu Mariji Carevi\u0107u"}]},{"@type":"Article","@id":"https:\/\/www.svkst.unist.hr\/index.php\/novosti\/poziv-na-otvorenje-izlozbe-povijesnih-dokumenata-o-mons-dr-josipu-mariji-carevicu\/#article","isPartOf":{"@id":"https:\/\/www.svkst.unist.hr\/index.php\/novosti\/poziv-na-otvorenje-izlozbe-povijesnih-dokumenata-o-mons-dr-josipu-mariji-carevicu\/#webpage"},"author":{"@id":"https:\/\/www.svkst.unist.hr\/#\/schema\/person\/317a3317d31226bab473c851dd6149ab"},"headline":"Poziv na otvorenje izlo\u017ebe povijesnih dokumenata o mons. dr. Josipu Mariji Carevi\u0107u","datePublished":"2026-04-29T13:11:36+00:00","dateModified":"2026-04-29T13:11:40+00:00","mainEntityOfPage":{"@id":"https:\/\/www.svkst.unist.hr\/index.php\/novosti\/poziv-na-otvorenje-izlozbe-povijesnih-dokumenata-o-mons-dr-josipu-mariji-carevicu\/#webpage"},"wordCount":361,"publisher":{"@id":"https:\/\/www.svkst.unist.hr\/#organization"},"image":{"@id":"https:\/\/www.svkst.unist.hr\/index.php\/novosti\/poziv-na-otvorenje-izlozbe-povijesnih-dokumenata-o-mons-dr-josipu-mariji-carevicu\/#primaryimage"},"thumbnailUrl":"https:\/\/www.svkst.unist.hr\/wp-content\/uploads\/2026\/04\/pozivnica-Mons.-dr.-Josip-Juraj-Carevic-1.pdf-pdf-1024x732.jpg","articleSection":["Kvalitetno obrazovanje (SDG 4)","NOVOSTI","Odr\u017eivi gradovi i zajednice (SDG 11)","SDG"],"inLanguage":"en-GB"},{"@type":"Person","@id":"https:\/\/www.svkst.unist.hr\/#\/schema\/person\/317a3317d31226bab473c851dd6149ab","name":"jmadunic"}]}},"jetpack_featured_media_url":"","jetpack_shortlink":"https:\/\/wp.me\/pan9Re-bUX","_links":{"self":[{"href":"https:\/\/www.svkst.unist.hr\/index.php\/wp-json\/wp\/v2\/posts\/45815"}],"collection":[{"href":"https:\/\/www.svkst.unist.hr\/index.php\/wp-json\/wp\/v2\/posts"}],"about":[{"href":"https:\/\/www.svkst.unist.hr\/index.php\/wp-json\/wp\/v2\/types\/post"}],"author":[{"embeddable":true,"href":"https:\/\/www.svkst.unist.hr\/index.php\/wp-json\/wp\/v2\/users\/14"}],"replies":[{"embeddable":true,"href":"https:\/\/www.svkst.unist.hr\/index.php\/wp-json\/wp\/v2\/comments?post=45815"}],"version-history":[{"count":1,"href":"https:\/\/www.svkst.unist.hr\/index.php\/wp-json\/wp\/v2\/posts\/45815\/revisions"}],"predecessor-version":[{"id":45817,"href":"https:\/\/www.svkst.unist.hr\/index.php\/wp-json\/wp\/v2\/posts\/45815\/revisions\/45817"}],"wp:attachment":[{"href":"https:\/\/www.svkst.unist.hr\/index.php\/wp-json\/wp\/v2\/media?parent=45815"}],"wp:term":[{"taxonomy":"category","embeddable":true,"href":"https:\/\/www.svkst.unist.hr\/index.php\/wp-json\/wp\/v2\/categories?post=45815"},{"taxonomy":"post_tag","embeddable":true,"href":"https:\/\/www.svkst.unist.hr\/index.php\/wp-json\/wp\/v2\/tags?post=45815"}],"curies":[{"name":"wp","href":"https:\/\/api.w.org\/{rel}","templated":true}]}}