{"id":45597,"date":"2026-03-05T11:21:36","date_gmt":"2026-03-05T10:21:36","guid":{"rendered":"https:\/\/www.svkst.unist.hr\/?p=45597"},"modified":"2026-03-05T11:21:38","modified_gmt":"2026-03-05T10:21:38","slug":"u-mjesecu-hrvatskoga-jezika-predstavljamo-hrvatski-slikovni-rjecnik","status":"publish","type":"post","link":"https:\/\/www.svkst.unist.hr\/index.php\/iz-knjiznice\/u-mjesecu-hrvatskoga-jezika-predstavljamo-hrvatski-slikovni-rjecnik\/","title":{"rendered":"U Mjesecu hrvatskoga jezika predstavljamo hrvatski slikovni rje\u010dnik"},"content":{"rendered":"\n<p>Pred nekoliko dana (21. velja\u010de) zakora\u010dili smo u jo\u0161 jedan Mjesec hrvatskoga jezika, obrazovne i kulturne manifestacije koju je inicirao Institut za hrvatski jezik 2014. godine, a o kojoj je ve\u0107 pisano i na na\u0161im mre\u017enim stranicama.<br><br>Tom smo se prigodom ove godine odlu\u010dili podsjetiti na slabo poznati hrvatski rje\u010dnik <em>\u0160ta je \u0161ta: stvarni hrvatski rje\u010dnik u slikama<\/em> Ise Velikanovi\u0107a i Nikole Andri\u0107a. To je prvi i zasad jedini hrvatski op\u0107i slikovni rje\u010dnik, a sastavljen je 1938. godine na temelju Dudenova predlo\u0161ka. Napominjemo da je prvi, prototipni Dudenov njema\u010dki slikovni rje\u010dnik objavljen 1935. godine, a potom su slijedila izdanja na francuskom (1936.), talijanskom (1939. ) i \u0161panjolskom jeziku (1940.)<\/p>\n\n\n\n<p><em>\u0160ta je \u0161ta<\/em> organiziran je konceptualno, tj. gra\u0111a je raspore\u0111ena u 11 tematskih cjelina, prezentiranih na 310 tablica s velikim brojem crte\u017ea koji su brojevima (kao i u Dudena) povezani s odgovaraju\u0107im rije\u010dima. Budu\u0107i da nije rije\u010d o pukom prevedenom presliku Dudena, hrvatski rje\u010dnik donosi i niz doma\u0107ih specifi\u010dnosti \u2013 ilustracije predmeta tipi\u010dnih za hrvatsku kulturu te niz jezi\u010dnih oblika u kojima su Velikanovi\u0107 i Andri\u0107 nastojali prona\u0107i hrvatske istovrjednice &nbsp;posu\u0111enicama ili stranim rije\u010dima, dokazuju\u0107i time i&nbsp; tvorbene mogu\u0107nosti hrvatskoga jezika.<\/p>\n\n\n\n<p>\u017delite li doznati \u0161to je <em>du\u0107kalo<\/em>, <em>biljevi\u0161te, nadstroplje, altana<\/em>, upoznati se s \u00a0dje\u010djim igrama ili primjerice prijevoznim sredstvima \u00a0i stambenim prostorima\u00a0 30-ih godina 20. st., u \u010ditaonici Sveu\u010dili\u0161ne knji\u017enice u Splitu prona\u0111ite pretisak izvornika iz 2007. godine u izdanju Ex librisa (Signatura: OP 811.163.42 (038) V437).<\/p>\n\n\n\n<div data-carousel-extra='{\"blog_id\":1,\"permalink\":\"https:\\\/\\\/www.svkst.unist.hr\\\/index.php\\\/iz-knjiznice\\\/u-mjesecu-hrvatskoga-jezika-predstavljamo-hrvatski-slikovni-rjecnik\\\/\"}' class=\"wp-block-jetpack-tiled-gallery aligncenter is-style-rectangular\"><div data-carousel-extra='{\"blog_id\":1,\"permalink\":\"https:\\\/\\\/www.svkst.unist.hr\\\/index.php\\\/iz-knjiznice\\\/u-mjesecu-hrvatskoga-jezika-predstavljamo-hrvatski-slikovni-rjecnik\\\/\"}' class=\"tiled-gallery__gallery\"><div data-carousel-extra='{\"blog_id\":1,\"permalink\":\"https:\\\/\\\/www.svkst.unist.hr\\\/index.php\\\/iz-knjiznice\\\/u-mjesecu-hrvatskoga-jezika-predstavljamo-hrvatski-slikovni-rjecnik\\\/\"}' class=\"tiled-gallery__row\"><div data-carousel-extra='{\"blog_id\":1,\"permalink\":\"https:\\\/\\\/www.svkst.unist.hr\\\/index.php\\\/iz-knjiznice\\\/u-mjesecu-hrvatskoga-jezika-predstavljamo-hrvatski-slikovni-rjecnik\\\/\"}' class=\"tiled-gallery__col\" style=\"flex-basis:49.34109%\"><figure class=\"tiled-gallery__item\"><img data-attachment-id=\"45600\" data-permalink=\"https:\/\/www.svkst.unist.hr\/1-0006\/\" data-orig-file=\"https:\/\/www.svkst.unist.hr\/wp-content\/uploads\/2026\/03\/1-0006.jpg\" data-orig-size=\"1920,1533\" data-comments-opened=\"0\" data-image-meta=\"{&quot;aperture&quot;:&quot;0&quot;,&quot;credit&quot;:&quot;&quot;,&quot;camera&quot;:&quot;Bookeye4 V1A&quot;,&quot;caption&quot;:&quot;&quot;,&quot;created_timestamp&quot;:&quot;0&quot;,&quot;copyright&quot;:&quot;&quot;,&quot;focal_length&quot;:&quot;0&quot;,&quot;iso&quot;:&quot;0&quot;,&quot;shutter_speed&quot;:&quot;0&quot;,&quot;title&quot;:&quot;&quot;,&quot;orientation&quot;:&quot;1&quot;}\" data-image-title=\"1-0006\" data-image-description=\"\" data-image-caption=\"\" data-medium-file=\"https:\/\/www.svkst.unist.hr\/wp-content\/uploads\/2026\/03\/1-0006-300x240.jpg\" data-large-file=\"https:\/\/www.svkst.unist.hr\/wp-content\/uploads\/2026\/03\/1-0006-1024x818.jpg\" data-attachment-id=\"45600\" data-permalink=\"https:\/\/www.svkst.unist.hr\/1-0006\/\" data-orig-file=\"https:\/\/www.svkst.unist.hr\/wp-content\/uploads\/2026\/03\/1-0006.jpg\" data-orig-size=\"1920,1533\" data-comments-opened=\"0\" data-image-meta=\"{&quot;aperture&quot;:&quot;0&quot;,&quot;credit&quot;:&quot;&quot;,&quot;camera&quot;:&quot;Bookeye4 V1A&quot;,&quot;caption&quot;:&quot;&quot;,&quot;created_timestamp&quot;:&quot;0&quot;,&quot;copyright&quot;:&quot;&quot;,&quot;focal_length&quot;:&quot;0&quot;,&quot;iso&quot;:&quot;0&quot;,&quot;shutter_speed&quot;:&quot;0&quot;,&quot;title&quot;:&quot;&quot;,&quot;orientation&quot;:&quot;1&quot;}\" data-image-title=\"1-0006\" data-image-description=\"\" data-image-caption=\"\" data-medium-file=\"https:\/\/www.svkst.unist.hr\/wp-content\/uploads\/2026\/03\/1-0006-300x240.jpg\" data-large-file=\"https:\/\/www.svkst.unist.hr\/wp-content\/uploads\/2026\/03\/1-0006-1024x818.jpg\" srcset=\"https:\/\/i1.wp.com\/www.svkst.unist.hr\/wp-content\/uploads\/2026\/03\/1-0006-1024x818.jpg?strip=info&#038;w=600&#038;ssl=1 600w,https:\/\/i1.wp.com\/www.svkst.unist.hr\/wp-content\/uploads\/2026\/03\/1-0006-1024x818.jpg?strip=info&#038;w=900&#038;ssl=1 900w,https:\/\/i1.wp.com\/www.svkst.unist.hr\/wp-content\/uploads\/2026\/03\/1-0006-1024x818.jpg?strip=info&#038;w=1200&#038;ssl=1 1200w,https:\/\/i1.wp.com\/www.svkst.unist.hr\/wp-content\/uploads\/2026\/03\/1-0006-1024x818.jpg?strip=info&#038;w=1500&#038;ssl=1 1500w,https:\/\/i1.wp.com\/www.svkst.unist.hr\/wp-content\/uploads\/2026\/03\/1-0006-1024x818.jpg?strip=info&#038;w=1800&#038;ssl=1 1800w,https:\/\/i1.wp.com\/www.svkst.unist.hr\/wp-content\/uploads\/2026\/03\/1-0006-1024x818.jpg?strip=info&#038;w=1920&#038;ssl=1 1920w\" alt=\"\" data-height=\"1533\" data-id=\"45600\" data-link=\"https:\/\/www.svkst.unist.hr\/1-0006\/\" data-url=\"https:\/\/www.svkst.unist.hr\/wp-content\/uploads\/2026\/03\/1-0006-1024x818.jpg\" data-width=\"1920\" src=\"https:\/\/i1.wp.com\/www.svkst.unist.hr\/wp-content\/uploads\/2026\/03\/1-0006-1024x818.jpg?ssl=1\" data-amp-layout=\"responsive\"\/><\/figure><\/div><div data-carousel-extra='{\"blog_id\":1,\"permalink\":\"https:\\\/\\\/www.svkst.unist.hr\\\/index.php\\\/iz-knjiznice\\\/u-mjesecu-hrvatskoga-jezika-predstavljamo-hrvatski-slikovni-rjecnik\\\/\"}' class=\"tiled-gallery__col\" style=\"flex-basis:50.65891%\"><figure class=\"tiled-gallery__item\"><img data-attachment-id=\"45599\" data-permalink=\"https:\/\/www.svkst.unist.hr\/1-0005\/\" data-orig-file=\"https:\/\/www.svkst.unist.hr\/wp-content\/uploads\/2026\/03\/1-0005.jpg\" data-orig-size=\"1920,1493\" data-comments-opened=\"0\" data-image-meta=\"{&quot;aperture&quot;:&quot;0&quot;,&quot;credit&quot;:&quot;&quot;,&quot;camera&quot;:&quot;Bookeye4 V1A&quot;,&quot;caption&quot;:&quot;&quot;,&quot;created_timestamp&quot;:&quot;0&quot;,&quot;copyright&quot;:&quot;&quot;,&quot;focal_length&quot;:&quot;0&quot;,&quot;iso&quot;:&quot;0&quot;,&quot;shutter_speed&quot;:&quot;0&quot;,&quot;title&quot;:&quot;&quot;,&quot;orientation&quot;:&quot;1&quot;}\" data-image-title=\"1-0005\" data-image-description=\"\" data-image-caption=\"\" data-medium-file=\"https:\/\/www.svkst.unist.hr\/wp-content\/uploads\/2026\/03\/1-0005-300x233.jpg\" data-large-file=\"https:\/\/www.svkst.unist.hr\/wp-content\/uploads\/2026\/03\/1-0005-1024x796.jpg\" data-attachment-id=\"45599\" data-permalink=\"https:\/\/www.svkst.unist.hr\/1-0005\/\" data-orig-file=\"https:\/\/www.svkst.unist.hr\/wp-content\/uploads\/2026\/03\/1-0005.jpg\" data-orig-size=\"1920,1493\" data-comments-opened=\"0\" data-image-meta=\"{&quot;aperture&quot;:&quot;0&quot;,&quot;credit&quot;:&quot;&quot;,&quot;camera&quot;:&quot;Bookeye4 V1A&quot;,&quot;caption&quot;:&quot;&quot;,&quot;created_timestamp&quot;:&quot;0&quot;,&quot;copyright&quot;:&quot;&quot;,&quot;focal_length&quot;:&quot;0&quot;,&quot;iso&quot;:&quot;0&quot;,&quot;shutter_speed&quot;:&quot;0&quot;,&quot;title&quot;:&quot;&quot;,&quot;orientation&quot;:&quot;1&quot;}\" data-image-title=\"1-0005\" data-image-description=\"\" data-image-caption=\"\" data-medium-file=\"https:\/\/www.svkst.unist.hr\/wp-content\/uploads\/2026\/03\/1-0005-300x233.jpg\" data-large-file=\"https:\/\/www.svkst.unist.hr\/wp-content\/uploads\/2026\/03\/1-0005-1024x796.jpg\" srcset=\"https:\/\/i2.wp.com\/www.svkst.unist.hr\/wp-content\/uploads\/2026\/03\/1-0005-1024x796.jpg?strip=info&#038;w=600&#038;ssl=1 600w,https:\/\/i2.wp.com\/www.svkst.unist.hr\/wp-content\/uploads\/2026\/03\/1-0005-1024x796.jpg?strip=info&#038;w=900&#038;ssl=1 900w,https:\/\/i2.wp.com\/www.svkst.unist.hr\/wp-content\/uploads\/2026\/03\/1-0005-1024x796.jpg?strip=info&#038;w=1200&#038;ssl=1 1200w,https:\/\/i2.wp.com\/www.svkst.unist.hr\/wp-content\/uploads\/2026\/03\/1-0005-1024x796.jpg?strip=info&#038;w=1500&#038;ssl=1 1500w,https:\/\/i2.wp.com\/www.svkst.unist.hr\/wp-content\/uploads\/2026\/03\/1-0005-1024x796.jpg?strip=info&#038;w=1800&#038;ssl=1 1800w,https:\/\/i2.wp.com\/www.svkst.unist.hr\/wp-content\/uploads\/2026\/03\/1-0005-1024x796.jpg?strip=info&#038;w=1920&#038;ssl=1 1920w\" alt=\"\" data-height=\"1493\" data-id=\"45599\" data-link=\"https:\/\/www.svkst.unist.hr\/1-0005\/\" data-url=\"https:\/\/www.svkst.unist.hr\/wp-content\/uploads\/2026\/03\/1-0005-1024x796.jpg\" data-width=\"1920\" src=\"https:\/\/i2.wp.com\/www.svkst.unist.hr\/wp-content\/uploads\/2026\/03\/1-0005-1024x796.jpg?ssl=1\" data-amp-layout=\"responsive\"\/><\/figure><\/div><\/div><\/div><\/div>\n","protected":false},"excerpt":{"rendered":"<p>Pred nekoliko dana (21. velja\u010de) zakora\u010dili smo u jo\u0161 jedan Mjesec hrvatskoga jezika, obrazovne i kulturne manifestacije koju je inicirao Institut za hrvatski jezik 2014. godine, a o kojoj je ve\u0107 pisano i na na\u0161im mre\u017enim stranicama. Tom smo se prigodom ove godine odlu\u010dili podsjetiti na slabo poznati hrvatski rje\u010dnik \u0160ta je \u0161ta: stvarni hrvatski [&hellip;]<\/p>\n","protected":false},"author":2,"featured_media":0,"comment_status":"closed","ping_status":"closed","sticky":false,"template":"","format":"standard","meta":{"spay_email":""},"categories":[112],"tags":[],"acf":[],"yoast_head":"<!-- This site is optimized with the Yoast SEO plugin v17.8 - https:\/\/yoast.com\/wordpress\/plugins\/seo\/ -->\n<title>U Mjesecu hrvatskoga jezika predstavljamo hrvatski slikovni rje\u010dnik - Sveu\u010dili\u0161na knji\u017enica u Splitu<\/title>\n<meta name=\"description\" content=\"Pred nekoliko dana (21. velja\u010de) zakora\u010dili smo u jo\u0161 jedan Mjesec hrvatskoga jezika, obrazovne i kulturne manifestacije koju je inicirao Institut za\" \/>\n<meta name=\"robots\" content=\"index, follow, max-snippet:-1, max-image-preview:large, max-video-preview:-1\" \/>\n<link rel=\"canonical\" href=\"https:\/\/www.svkst.unist.hr\/index.php\/iz-knjiznice\/u-mjesecu-hrvatskoga-jezika-predstavljamo-hrvatski-slikovni-rjecnik\/\" \/>\n<meta property=\"og:locale\" content=\"en_GB\" \/>\n<meta property=\"og:type\" content=\"article\" \/>\n<meta property=\"og:title\" content=\"U Mjesecu hrvatskoga jezika predstavljamo hrvatski slikovni rje\u010dnik - Sveu\u010dili\u0161na knji\u017enica u Splitu\" \/>\n<meta property=\"og:description\" content=\"Pred nekoliko dana (21. velja\u010de) zakora\u010dili smo u jo\u0161 jedan Mjesec hrvatskoga jezika, obrazovne i kulturne manifestacije koju je inicirao Institut za\" \/>\n<meta property=\"og:url\" content=\"https:\/\/www.svkst.unist.hr\/index.php\/iz-knjiznice\/u-mjesecu-hrvatskoga-jezika-predstavljamo-hrvatski-slikovni-rjecnik\/\" \/>\n<meta property=\"og:site_name\" content=\"Sveu\u010dili\u0161na knji\u017enica u Splitu\" \/>\n<meta property=\"article:publisher\" content=\"https:\/\/www.facebook.com\/svkst.unist.hr\/\" \/>\n<meta property=\"article:published_time\" content=\"2026-03-05T10:21:36+00:00\" \/>\n<meta property=\"article:modified_time\" content=\"2026-03-05T10:21:38+00:00\" \/>\n<meta property=\"og:image\" content=\"https:\/\/i1.wp.com\/www.svkst.unist.hr\/wp-content\/uploads\/2026\/03\/1-0006-1024x818.jpg?ssl=1\" \/>\n<meta name=\"twitter:card\" content=\"summary_large_image\" \/>\n<meta name=\"twitter:label1\" content=\"Written by\" \/>\n\t<meta name=\"twitter:data1\" content=\"Josip Knezovi\u0107\" \/>\n\t<meta name=\"twitter:label2\" content=\"Estimated reading time\" \/>\n\t<meta name=\"twitter:data2\" content=\"2 minutes\" \/>\n<script type=\"application\/ld+json\" class=\"yoast-schema-graph\">{\"@context\":\"https:\/\/schema.org\",\"@graph\":[{\"@type\":\"Organization\",\"@id\":\"https:\/\/www.svkst.unist.hr\/#organization\",\"name\":\"Sveu\\u010dili\\u0161na knji\\u017enica u Splitu\",\"url\":\"https:\/\/www.svkst.unist.hr\/\",\"sameAs\":[\"https:\/\/www.facebook.com\/svkst.unist.hr\/\"],\"logo\":{\"@type\":\"ImageObject\",\"@id\":\"https:\/\/www.svkst.unist.hr\/#logo\",\"inLanguage\":\"en-GB\",\"url\":\"https:\/\/i2.wp.com\/www.svkst.unist.hr\/wp-content\/uploads\/2018\/02\/sveucilisna_iskaznica_logo_tisak-1.png?fit=600%2C219&ssl=1\",\"contentUrl\":\"https:\/\/i2.wp.com\/www.svkst.unist.hr\/wp-content\/uploads\/2018\/02\/sveucilisna_iskaznica_logo_tisak-1.png?fit=600%2C219&ssl=1\",\"width\":600,\"height\":219,\"caption\":\"Sveu\\u010dili\\u0161na knji\\u017enica u Splitu\"},\"image\":{\"@id\":\"https:\/\/www.svkst.unist.hr\/#logo\"}},{\"@type\":\"WebSite\",\"@id\":\"https:\/\/www.svkst.unist.hr\/#website\",\"url\":\"https:\/\/www.svkst.unist.hr\/\",\"name\":\"Sveu\\u010dili\\u0161na knji\\u017enica u Splitu\",\"description\":\"\",\"publisher\":{\"@id\":\"https:\/\/www.svkst.unist.hr\/#organization\"},\"potentialAction\":[{\"@type\":\"SearchAction\",\"target\":{\"@type\":\"EntryPoint\",\"urlTemplate\":\"https:\/\/www.svkst.unist.hr\/?s={search_term_string}\"},\"query-input\":\"required name=search_term_string\"}],\"inLanguage\":\"en-GB\"},{\"@type\":\"ImageObject\",\"@id\":\"https:\/\/www.svkst.unist.hr\/index.php\/iz-knjiznice\/u-mjesecu-hrvatskoga-jezika-predstavljamo-hrvatski-slikovni-rjecnik\/#primaryimage\",\"inLanguage\":\"en-GB\",\"url\":\"https:\/\/i1.wp.com\/www.svkst.unist.hr\/wp-content\/uploads\/2026\/03\/1-0006-1024x818.jpg?ssl=1\",\"contentUrl\":\"https:\/\/i1.wp.com\/www.svkst.unist.hr\/wp-content\/uploads\/2026\/03\/1-0006-1024x818.jpg?ssl=1\"},{\"@type\":\"WebPage\",\"@id\":\"https:\/\/www.svkst.unist.hr\/index.php\/iz-knjiznice\/u-mjesecu-hrvatskoga-jezika-predstavljamo-hrvatski-slikovni-rjecnik\/#webpage\",\"url\":\"https:\/\/www.svkst.unist.hr\/index.php\/iz-knjiznice\/u-mjesecu-hrvatskoga-jezika-predstavljamo-hrvatski-slikovni-rjecnik\/\",\"name\":\"U Mjesecu hrvatskoga jezika predstavljamo hrvatski slikovni rje\\u010dnik - Sveu\\u010dili\\u0161na knji\\u017enica u Splitu\",\"isPartOf\":{\"@id\":\"https:\/\/www.svkst.unist.hr\/#website\"},\"primaryImageOfPage\":{\"@id\":\"https:\/\/www.svkst.unist.hr\/index.php\/iz-knjiznice\/u-mjesecu-hrvatskoga-jezika-predstavljamo-hrvatski-slikovni-rjecnik\/#primaryimage\"},\"datePublished\":\"2026-03-05T10:21:36+00:00\",\"dateModified\":\"2026-03-05T10:21:38+00:00\",\"description\":\"Pred nekoliko dana (21. velja\\u010de) zakora\\u010dili smo u jo\\u0161 jedan Mjesec hrvatskoga jezika, obrazovne i kulturne manifestacije koju je inicirao Institut za\",\"breadcrumb\":{\"@id\":\"https:\/\/www.svkst.unist.hr\/index.php\/iz-knjiznice\/u-mjesecu-hrvatskoga-jezika-predstavljamo-hrvatski-slikovni-rjecnik\/#breadcrumb\"},\"inLanguage\":\"en-GB\",\"potentialAction\":[{\"@type\":\"ReadAction\",\"target\":[\"https:\/\/www.svkst.unist.hr\/index.php\/iz-knjiznice\/u-mjesecu-hrvatskoga-jezika-predstavljamo-hrvatski-slikovni-rjecnik\/\"]}]},{\"@type\":\"BreadcrumbList\",\"@id\":\"https:\/\/www.svkst.unist.hr\/index.php\/iz-knjiznice\/u-mjesecu-hrvatskoga-jezika-predstavljamo-hrvatski-slikovni-rjecnik\/#breadcrumb\",\"itemListElement\":[{\"@type\":\"ListItem\",\"position\":1,\"name\":\"Home\",\"item\":\"https:\/\/www.svkst.unist.hr\/\"},{\"@type\":\"ListItem\",\"position\":2,\"name\":\"IZ KNJI\\u017dNICE ...\",\"item\":\"https:\/\/www.svkst.unist.hr\/index.php\/category\/iz-knjiznice\/\"},{\"@type\":\"ListItem\",\"position\":3,\"name\":\"U Mjesecu hrvatskoga jezika predstavljamo hrvatski slikovni rje\\u010dnik\"}]},{\"@type\":\"Article\",\"@id\":\"https:\/\/www.svkst.unist.hr\/index.php\/iz-knjiznice\/u-mjesecu-hrvatskoga-jezika-predstavljamo-hrvatski-slikovni-rjecnik\/#article\",\"isPartOf\":{\"@id\":\"https:\/\/www.svkst.unist.hr\/index.php\/iz-knjiznice\/u-mjesecu-hrvatskoga-jezika-predstavljamo-hrvatski-slikovni-rjecnik\/#webpage\"},\"author\":{\"@id\":\"https:\/\/www.svkst.unist.hr\/#\/schema\/person\/4676016369c12785c7f29a1183083a22\"},\"headline\":\"U Mjesecu hrvatskoga jezika predstavljamo hrvatski slikovni rje\\u010dnik\",\"datePublished\":\"2026-03-05T10:21:36+00:00\",\"dateModified\":\"2026-03-05T10:21:38+00:00\",\"mainEntityOfPage\":{\"@id\":\"https:\/\/www.svkst.unist.hr\/index.php\/iz-knjiznice\/u-mjesecu-hrvatskoga-jezika-predstavljamo-hrvatski-slikovni-rjecnik\/#webpage\"},\"wordCount\":269,\"publisher\":{\"@id\":\"https:\/\/www.svkst.unist.hr\/#organization\"},\"image\":{\"@id\":\"https:\/\/www.svkst.unist.hr\/index.php\/iz-knjiznice\/u-mjesecu-hrvatskoga-jezika-predstavljamo-hrvatski-slikovni-rjecnik\/#primaryimage\"},\"thumbnailUrl\":\"https:\/\/i1.wp.com\/www.svkst.unist.hr\/wp-content\/uploads\/2026\/03\/1-0006-1024x818.jpg?ssl=1\",\"articleSection\":[\"IZ KNJI\\u017dNICE ...\"],\"inLanguage\":\"en-GB\"},{\"@type\":\"Person\",\"@id\":\"https:\/\/www.svkst.unist.hr\/#\/schema\/person\/4676016369c12785c7f29a1183083a22\",\"name\":\"Josip Knezovi\\u0107\"}]}<\/script>\n<!-- \/ Yoast SEO plugin. -->","yoast_head_json":{"title":"U Mjesecu hrvatskoga jezika predstavljamo hrvatski slikovni rje\u010dnik - Sveu\u010dili\u0161na knji\u017enica u Splitu","description":"Pred nekoliko dana (21. velja\u010de) zakora\u010dili smo u jo\u0161 jedan Mjesec hrvatskoga jezika, obrazovne i kulturne manifestacije koju je inicirao Institut za","robots":{"index":"index","follow":"follow","max-snippet":"max-snippet:-1","max-image-preview":"max-image-preview:large","max-video-preview":"max-video-preview:-1"},"canonical":"https:\/\/www.svkst.unist.hr\/index.php\/iz-knjiznice\/u-mjesecu-hrvatskoga-jezika-predstavljamo-hrvatski-slikovni-rjecnik\/","og_locale":"en_GB","og_type":"article","og_title":"U Mjesecu hrvatskoga jezika predstavljamo hrvatski slikovni rje\u010dnik - Sveu\u010dili\u0161na knji\u017enica u Splitu","og_description":"Pred nekoliko dana (21. velja\u010de) zakora\u010dili smo u jo\u0161 jedan Mjesec hrvatskoga jezika, obrazovne i kulturne manifestacije koju je inicirao Institut za","og_url":"https:\/\/www.svkst.unist.hr\/index.php\/iz-knjiznice\/u-mjesecu-hrvatskoga-jezika-predstavljamo-hrvatski-slikovni-rjecnik\/","og_site_name":"Sveu\u010dili\u0161na knji\u017enica u Splitu","article_publisher":"https:\/\/www.facebook.com\/svkst.unist.hr\/","article_published_time":"2026-03-05T10:21:36+00:00","article_modified_time":"2026-03-05T10:21:38+00:00","og_image":[{"url":"https:\/\/i1.wp.com\/www.svkst.unist.hr\/wp-content\/uploads\/2026\/03\/1-0006-1024x818.jpg?ssl=1"}],"twitter_card":"summary_large_image","twitter_misc":{"Written by":"Josip Knezovi\u0107","Estimated reading time":"2 minutes"},"schema":{"@context":"https:\/\/schema.org","@graph":[{"@type":"Organization","@id":"https:\/\/www.svkst.unist.hr\/#organization","name":"Sveu\u010dili\u0161na knji\u017enica u Splitu","url":"https:\/\/www.svkst.unist.hr\/","sameAs":["https:\/\/www.facebook.com\/svkst.unist.hr\/"],"logo":{"@type":"ImageObject","@id":"https:\/\/www.svkst.unist.hr\/#logo","inLanguage":"en-GB","url":"https:\/\/i2.wp.com\/www.svkst.unist.hr\/wp-content\/uploads\/2018\/02\/sveucilisna_iskaznica_logo_tisak-1.png?fit=600%2C219&ssl=1","contentUrl":"https:\/\/i2.wp.com\/www.svkst.unist.hr\/wp-content\/uploads\/2018\/02\/sveucilisna_iskaznica_logo_tisak-1.png?fit=600%2C219&ssl=1","width":600,"height":219,"caption":"Sveu\u010dili\u0161na knji\u017enica u Splitu"},"image":{"@id":"https:\/\/www.svkst.unist.hr\/#logo"}},{"@type":"WebSite","@id":"https:\/\/www.svkst.unist.hr\/#website","url":"https:\/\/www.svkst.unist.hr\/","name":"Sveu\u010dili\u0161na knji\u017enica u Splitu","description":"","publisher":{"@id":"https:\/\/www.svkst.unist.hr\/#organization"},"potentialAction":[{"@type":"SearchAction","target":{"@type":"EntryPoint","urlTemplate":"https:\/\/www.svkst.unist.hr\/?s={search_term_string}"},"query-input":"required name=search_term_string"}],"inLanguage":"en-GB"},{"@type":"ImageObject","@id":"https:\/\/www.svkst.unist.hr\/index.php\/iz-knjiznice\/u-mjesecu-hrvatskoga-jezika-predstavljamo-hrvatski-slikovni-rjecnik\/#primaryimage","inLanguage":"en-GB","url":"https:\/\/i1.wp.com\/www.svkst.unist.hr\/wp-content\/uploads\/2026\/03\/1-0006-1024x818.jpg?ssl=1","contentUrl":"https:\/\/i1.wp.com\/www.svkst.unist.hr\/wp-content\/uploads\/2026\/03\/1-0006-1024x818.jpg?ssl=1"},{"@type":"WebPage","@id":"https:\/\/www.svkst.unist.hr\/index.php\/iz-knjiznice\/u-mjesecu-hrvatskoga-jezika-predstavljamo-hrvatski-slikovni-rjecnik\/#webpage","url":"https:\/\/www.svkst.unist.hr\/index.php\/iz-knjiznice\/u-mjesecu-hrvatskoga-jezika-predstavljamo-hrvatski-slikovni-rjecnik\/","name":"U Mjesecu hrvatskoga jezika predstavljamo hrvatski slikovni rje\u010dnik - Sveu\u010dili\u0161na knji\u017enica u Splitu","isPartOf":{"@id":"https:\/\/www.svkst.unist.hr\/#website"},"primaryImageOfPage":{"@id":"https:\/\/www.svkst.unist.hr\/index.php\/iz-knjiznice\/u-mjesecu-hrvatskoga-jezika-predstavljamo-hrvatski-slikovni-rjecnik\/#primaryimage"},"datePublished":"2026-03-05T10:21:36+00:00","dateModified":"2026-03-05T10:21:38+00:00","description":"Pred nekoliko dana (21. velja\u010de) zakora\u010dili smo u jo\u0161 jedan Mjesec hrvatskoga jezika, obrazovne i kulturne manifestacije koju je inicirao Institut za","breadcrumb":{"@id":"https:\/\/www.svkst.unist.hr\/index.php\/iz-knjiznice\/u-mjesecu-hrvatskoga-jezika-predstavljamo-hrvatski-slikovni-rjecnik\/#breadcrumb"},"inLanguage":"en-GB","potentialAction":[{"@type":"ReadAction","target":["https:\/\/www.svkst.unist.hr\/index.php\/iz-knjiznice\/u-mjesecu-hrvatskoga-jezika-predstavljamo-hrvatski-slikovni-rjecnik\/"]}]},{"@type":"BreadcrumbList","@id":"https:\/\/www.svkst.unist.hr\/index.php\/iz-knjiznice\/u-mjesecu-hrvatskoga-jezika-predstavljamo-hrvatski-slikovni-rjecnik\/#breadcrumb","itemListElement":[{"@type":"ListItem","position":1,"name":"Home","item":"https:\/\/www.svkst.unist.hr\/"},{"@type":"ListItem","position":2,"name":"IZ KNJI\u017dNICE ...","item":"https:\/\/www.svkst.unist.hr\/index.php\/category\/iz-knjiznice\/"},{"@type":"ListItem","position":3,"name":"U Mjesecu hrvatskoga jezika predstavljamo hrvatski slikovni rje\u010dnik"}]},{"@type":"Article","@id":"https:\/\/www.svkst.unist.hr\/index.php\/iz-knjiznice\/u-mjesecu-hrvatskoga-jezika-predstavljamo-hrvatski-slikovni-rjecnik\/#article","isPartOf":{"@id":"https:\/\/www.svkst.unist.hr\/index.php\/iz-knjiznice\/u-mjesecu-hrvatskoga-jezika-predstavljamo-hrvatski-slikovni-rjecnik\/#webpage"},"author":{"@id":"https:\/\/www.svkst.unist.hr\/#\/schema\/person\/4676016369c12785c7f29a1183083a22"},"headline":"U Mjesecu hrvatskoga jezika predstavljamo hrvatski slikovni rje\u010dnik","datePublished":"2026-03-05T10:21:36+00:00","dateModified":"2026-03-05T10:21:38+00:00","mainEntityOfPage":{"@id":"https:\/\/www.svkst.unist.hr\/index.php\/iz-knjiznice\/u-mjesecu-hrvatskoga-jezika-predstavljamo-hrvatski-slikovni-rjecnik\/#webpage"},"wordCount":269,"publisher":{"@id":"https:\/\/www.svkst.unist.hr\/#organization"},"image":{"@id":"https:\/\/www.svkst.unist.hr\/index.php\/iz-knjiznice\/u-mjesecu-hrvatskoga-jezika-predstavljamo-hrvatski-slikovni-rjecnik\/#primaryimage"},"thumbnailUrl":"https:\/\/i1.wp.com\/www.svkst.unist.hr\/wp-content\/uploads\/2026\/03\/1-0006-1024x818.jpg?ssl=1","articleSection":["IZ KNJI\u017dNICE ..."],"inLanguage":"en-GB"},{"@type":"Person","@id":"https:\/\/www.svkst.unist.hr\/#\/schema\/person\/4676016369c12785c7f29a1183083a22","name":"Josip Knezovi\u0107"}]}},"jetpack_featured_media_url":"","jetpack_shortlink":"https:\/\/wp.me\/pan9Re-bRr","_links":{"self":[{"href":"https:\/\/www.svkst.unist.hr\/index.php\/wp-json\/wp\/v2\/posts\/45597"}],"collection":[{"href":"https:\/\/www.svkst.unist.hr\/index.php\/wp-json\/wp\/v2\/posts"}],"about":[{"href":"https:\/\/www.svkst.unist.hr\/index.php\/wp-json\/wp\/v2\/types\/post"}],"author":[{"embeddable":true,"href":"https:\/\/www.svkst.unist.hr\/index.php\/wp-json\/wp\/v2\/users\/2"}],"replies":[{"embeddable":true,"href":"https:\/\/www.svkst.unist.hr\/index.php\/wp-json\/wp\/v2\/comments?post=45597"}],"version-history":[{"count":2,"href":"https:\/\/www.svkst.unist.hr\/index.php\/wp-json\/wp\/v2\/posts\/45597\/revisions"}],"predecessor-version":[{"id":45601,"href":"https:\/\/www.svkst.unist.hr\/index.php\/wp-json\/wp\/v2\/posts\/45597\/revisions\/45601"}],"wp:attachment":[{"href":"https:\/\/www.svkst.unist.hr\/index.php\/wp-json\/wp\/v2\/media?parent=45597"}],"wp:term":[{"taxonomy":"category","embeddable":true,"href":"https:\/\/www.svkst.unist.hr\/index.php\/wp-json\/wp\/v2\/categories?post=45597"},{"taxonomy":"post_tag","embeddable":true,"href":"https:\/\/www.svkst.unist.hr\/index.php\/wp-json\/wp\/v2\/tags?post=45597"}],"curies":[{"name":"wp","href":"https:\/\/api.w.org\/{rel}","templated":true}]}}