{"id":45466,"date":"2026-01-22T14:10:25","date_gmt":"2026-01-22T13:10:25","guid":{"rendered":"https:\/\/www.svkst.unist.hr\/?p=45466"},"modified":"2026-01-22T14:55:20","modified_gmt":"2026-01-22T13:55:20","slug":"posjet-sharon-memis-glavne-tajnice-ifla-e","status":"publish","type":"post","link":"https:\/\/www.svkst.unist.hr\/index.php\/novosti\/posjet-sharon-memis-glavne-tajnice-ifla-e\/","title":{"rendered":"Posjet Sharon Memis, glavne tajnice IFLA-e"},"content":{"rendered":"\n<p>Sveu\u010dili\u0161na je knji\u017enica u srijedu 21. sije\u010dnja 2026. godine ugostila Sharon Memis, glavnu tajnicu International Federation of Library Associations and Institutions (IFLA) povodom njezina boravka u Splitu u okviru projekta Science Comes to Town.<br>Tijekom sastanka razgovaralo se o aktualnim i budu\u0107im trendovima u knji\u017eni\u010darstvu, uklju\u010duju\u0107i razvoj umjetne inteligencije, digitalizacije i otvorene znanosti, kao i o ulozi knji\u017enica kao \u017eivih kulturnih sredi\u0161ta te promjenama u percepciji knji\u017enica i profesije knji\u017eni\u010dara.<\/p>\n\n\n\n<!--more-->\n\n\n\n<p><br>Poseban naglasak stavljen je na potrebu brze prilagodbe knji\u017enica dinami\u010dnim dru\u0161tvenim i tehnolo\u0161kim promjenama, uz zadr\u017eavanje njihove temeljne uloge kao demokratskih i otvorenih prostora, klju\u010dnih za kulturni, dru\u0161tveni i znanstveni \u017eivot zajednice. U tom je kontekstu istaknuta i va\u017enost IFLA-e u zagovaranju razvoja knji\u017enica te ja\u010danju njihove vidljivosti i utjecaja na globalnoj razini. Nakon razgovora, istaknuta go\u0161\u0107a je obi\u0161la prostore Knji\u017enice te svoje dojmove zapisala u posebnu knjigu dojmova koju Knji\u017enica \u010duva od 1911. godine: &#8220;Thank you so much for the visit. An extraordinary collection and such a professional and talented team! Librarians are wonderful!&#8221;<\/p>\n\n\n\n<p>Sharon Memis sudjelovala je i na sve\u010danom otvorenju projekta kao panelistica na panel-raspravi \u201eThe Cultural Economy: Bridging Science and Society\u201c, koja je okupila istaknute me\u0111unarodne stru\u010dnjake radi razmjene ideja o ulozi znanosti i kulture u povezivanju akademske zajednice i dru\u0161tva. Predstavnica IFLA-e tom je prigodom naglasila da su knji\u017enice ve\u0107 postoje\u0107a kulturna infrastruktura te prostori povjerenja koji omogu\u0107uju pristup informacijama i znanju tijekom cijeloga \u017eivota.<\/p>\n\n\n\n<div class=\"wp-block-jetpack-slideshow aligncenter\" data-effect=\"slide\"><div class=\"wp-block-jetpack-slideshow_container swiper-container\"><ul class=\"wp-block-jetpack-slideshow_swiper-wrapper swiper-wrapper\"><li class=\"wp-block-jetpack-slideshow_slide swiper-slide\"><figure><img loading=\"lazy\" width=\"768\" height=\"1024\" alt=\"\" class=\"wp-block-jetpack-slideshow_image wp-image-45471\" data-id=\"45471\" src=\"https:\/\/www.svkst.unist.hr\/wp-content\/uploads\/2026\/01\/DSC_7642-2-768x1024.jpg\" srcset=\"https:\/\/www.svkst.unist.hr\/wp-content\/uploads\/2026\/01\/DSC_7642-2-768x1024.jpg 768w, https:\/\/www.svkst.unist.hr\/wp-content\/uploads\/2026\/01\/DSC_7642-2-225x300.jpg 225w, https:\/\/www.svkst.unist.hr\/wp-content\/uploads\/2026\/01\/DSC_7642-2-1152x1536.jpg 1152w, https:\/\/www.svkst.unist.hr\/wp-content\/uploads\/2026\/01\/DSC_7642-2-1536x2048.jpg 1536w, https:\/\/www.svkst.unist.hr\/wp-content\/uploads\/2026\/01\/DSC_7642-2.jpg 1875w\" sizes=\"(max-width: 768px) 100vw, 768px\" \/><\/figure><\/li><li class=\"wp-block-jetpack-slideshow_slide swiper-slide\"><figure><img loading=\"lazy\" width=\"2500\" height=\"1669\" alt=\"\" class=\"wp-block-jetpack-slideshow_image wp-image-45476\" data-id=\"45476\" src=\"https:\/\/www.svkst.unist.hr\/wp-content\/uploads\/2026\/01\/DSC_7645-2.jpg\" srcset=\"https:\/\/www.svkst.unist.hr\/wp-content\/uploads\/2026\/01\/DSC_7645-2.jpg 2500w, https:\/\/www.svkst.unist.hr\/wp-content\/uploads\/2026\/01\/DSC_7645-2-300x200.jpg 300w, https:\/\/www.svkst.unist.hr\/wp-content\/uploads\/2026\/01\/DSC_7645-2-1024x684.jpg 1024w, https:\/\/www.svkst.unist.hr\/wp-content\/uploads\/2026\/01\/DSC_7645-2-768x513.jpg 768w, https:\/\/www.svkst.unist.hr\/wp-content\/uploads\/2026\/01\/DSC_7645-2-1536x1025.jpg 1536w, https:\/\/www.svkst.unist.hr\/wp-content\/uploads\/2026\/01\/DSC_7645-2-2048x1367.jpg 2048w\" sizes=\"(max-width: 2500px) 100vw, 2500px\" \/><\/figure><\/li><\/ul><a class=\"wp-block-jetpack-slideshow_button-prev swiper-button-prev swiper-button-white\" role=\"button\"><\/a><a class=\"wp-block-jetpack-slideshow_button-next swiper-button-next swiper-button-white\" role=\"button\"><\/a><a aria-label=\"Pause Slideshow\" class=\"wp-block-jetpack-slideshow_button-pause\" role=\"button\"><\/a><div class=\"wp-block-jetpack-slideshow_pagination swiper-pagination swiper-pagination-white\"><\/div><\/div><\/div>\n\n\n\n<div class=\"wp-block-group\"><div class=\"wp-block-group__inner-container\"><\/div><\/div>\n\n\n\n<h4>Ciljevi:<\/h4>\n\n\n\n<div class=\"wp-block-columns\">\n<div class=\"wp-block-column\">\n<figure class=\"wp-block-image size-large\"><img data-attachment-id=\"13847\" data-permalink=\"https:\/\/www.svkst.unist.hr\/sdg-4_hr_ikona\/\" data-orig-file=\"https:\/\/www.svkst.unist.hr\/wp-content\/uploads\/2023\/02\/sdg-4_hr_ikona-e1677492649908.png\" data-orig-size=\"125,125\" data-comments-opened=\"0\" data-image-meta=\"{&quot;aperture&quot;:&quot;0&quot;,&quot;credit&quot;:&quot;&quot;,&quot;camera&quot;:&quot;&quot;,&quot;caption&quot;:&quot;&quot;,&quot;created_timestamp&quot;:&quot;0&quot;,&quot;copyright&quot;:&quot;&quot;,&quot;focal_length&quot;:&quot;0&quot;,&quot;iso&quot;:&quot;0&quot;,&quot;shutter_speed&quot;:&quot;0&quot;,&quot;title&quot;:&quot;&quot;,&quot;orientation&quot;:&quot;0&quot;}\" data-image-title=\"Kvalitetno obrazovanje\" data-image-description=\"\" data-image-caption=\"\" data-medium-file=\"https:\/\/www.svkst.unist.hr\/wp-content\/uploads\/2023\/02\/sdg-4_hr_ikona-300x300.png\" data-large-file=\"https:\/\/www.svkst.unist.hr\/wp-content\/uploads\/2023\/02\/sdg-4_hr_ikona-e1677492649908.png\" loading=\"lazy\" width=\"125\" height=\"125\" src=\"https:\/\/www.svkst.unist.hr\/wp-content\/uploads\/2023\/02\/sdg-4_hr_ikona-e1677492649908.png\" alt=\"Kvalitetno obrazovanje (SDG 4)\" class=\"wp-image-13847\"\/><\/figure>\n<\/div>\n\n\n\n<div class=\"wp-block-column\">\n<figure class=\"wp-block-image size-large\"><img data-attachment-id=\"13854\" data-permalink=\"https:\/\/www.svkst.unist.hr\/sdg-11_hr_ikona\/\" data-orig-file=\"https:\/\/www.svkst.unist.hr\/wp-content\/uploads\/2023\/02\/sdg-11_hr_ikona-e1677492562342.png\" data-orig-size=\"125,125\" data-comments-opened=\"0\" data-image-meta=\"{&quot;aperture&quot;:&quot;0&quot;,&quot;credit&quot;:&quot;&quot;,&quot;camera&quot;:&quot;&quot;,&quot;caption&quot;:&quot;&quot;,&quot;created_timestamp&quot;:&quot;0&quot;,&quot;copyright&quot;:&quot;&quot;,&quot;focal_length&quot;:&quot;0&quot;,&quot;iso&quot;:&quot;0&quot;,&quot;shutter_speed&quot;:&quot;0&quot;,&quot;title&quot;:&quot;&quot;,&quot;orientation&quot;:&quot;0&quot;}\" data-image-title=\"Odr\u017eivi gradovi i zajednice\" data-image-description=\"\" data-image-caption=\"\" data-medium-file=\"https:\/\/www.svkst.unist.hr\/wp-content\/uploads\/2023\/02\/sdg-11_hr_ikona-300x300.png\" data-large-file=\"https:\/\/www.svkst.unist.hr\/wp-content\/uploads\/2023\/02\/sdg-11_hr_ikona-e1677492562342.png\" loading=\"lazy\" width=\"125\" height=\"125\" src=\"https:\/\/www.svkst.unist.hr\/wp-content\/uploads\/2023\/02\/sdg-11_hr_ikona-e1677492562342.png\" alt=\"Odr\u017eivi gradovi i zajednice (SDG 11)\" class=\"wp-image-13854\"\/><\/figure>\n<\/div>\n\n\n\n<div class=\"wp-block-column\">\n<figure class=\"wp-block-image size-large\"><img data-attachment-id=\"13860\" data-permalink=\"https:\/\/www.svkst.unist.hr\/sdg-17_hr_ikona\/\" data-orig-file=\"https:\/\/www.svkst.unist.hr\/wp-content\/uploads\/2023\/02\/sdg-17_hr_ikona-e1677492469392.png\" data-orig-size=\"125,125\" data-comments-opened=\"0\" data-image-meta=\"{&quot;aperture&quot;:&quot;0&quot;,&quot;credit&quot;:&quot;&quot;,&quot;camera&quot;:&quot;&quot;,&quot;caption&quot;:&quot;&quot;,&quot;created_timestamp&quot;:&quot;0&quot;,&quot;copyright&quot;:&quot;&quot;,&quot;focal_length&quot;:&quot;0&quot;,&quot;iso&quot;:&quot;0&quot;,&quot;shutter_speed&quot;:&quot;0&quot;,&quot;title&quot;:&quot;&quot;,&quot;orientation&quot;:&quot;0&quot;}\" data-image-title=\"Partnerstvom do cilja\" data-image-description=\"\" data-image-caption=\"\" data-medium-file=\"https:\/\/www.svkst.unist.hr\/wp-content\/uploads\/2023\/02\/sdg-17_hr_ikona-300x300.png\" data-large-file=\"https:\/\/www.svkst.unist.hr\/wp-content\/uploads\/2023\/02\/sdg-17_hr_ikona-e1677492469392.png\" loading=\"lazy\" width=\"125\" height=\"125\" src=\"https:\/\/www.svkst.unist.hr\/wp-content\/uploads\/2023\/02\/sdg-17_hr_ikona-e1677492469392.png\" alt=\"Partnerstvom do cilja (SDG 17)\" class=\"wp-image-13860\"\/><\/figure>\n<\/div>\n\n\n\n<div class=\"wp-block-column\"><\/div>\n\n\n\n<div class=\"wp-block-column\"><\/div>\n<\/div>\n","protected":false},"excerpt":{"rendered":"<p>Sveu\u010dili\u0161na je knji\u017enica u srijedu 21. sije\u010dnja 2026. godine ugostila Sharon Memis, glavnu tajnicu International Federation of Library Associations and Institutions (IFLA) povodom njezina boravka u Splitu u okviru projekta Science Comes to Town.Tijekom sastanka razgovaralo se o aktualnim i budu\u0107im trendovima u knji\u017eni\u010darstvu, uklju\u010duju\u0107i razvoj umjetne inteligencije, digitalizacije i otvorene znanosti, kao i o [&hellip;]<\/p>\n","protected":false},"author":14,"featured_media":0,"comment_status":"closed","ping_status":"closed","sticky":false,"template":"","format":"standard","meta":{"spay_email":""},"categories":[98,49,105,111,94],"tags":[],"acf":[],"yoast_head":"<!-- This site is optimized with the Yoast SEO plugin v17.8 - https:\/\/yoast.com\/wordpress\/plugins\/seo\/ -->\n<title>Posjet Sharon Memis, glavne tajnice IFLA-e - Sveu\u010dili\u0161na knji\u017enica u Splitu<\/title>\n<meta name=\"description\" content=\"Sveu\u010dili\u0161na je knji\u017enica u srijedu 21. sije\u010dnja 2026. godine ugostila Sharon Memis, glavnu tajnicu International Federation of Library Associations and\" \/>\n<meta name=\"robots\" content=\"index, follow, max-snippet:-1, max-image-preview:large, max-video-preview:-1\" \/>\n<link rel=\"canonical\" href=\"https:\/\/www.svkst.unist.hr\/index.php\/novosti\/posjet-sharon-memis-glavne-tajnice-ifla-e\/\" \/>\n<meta property=\"og:locale\" content=\"en_GB\" \/>\n<meta property=\"og:type\" content=\"article\" \/>\n<meta property=\"og:title\" content=\"Posjet Sharon Memis, glavne tajnice IFLA-e - Sveu\u010dili\u0161na knji\u017enica u Splitu\" \/>\n<meta property=\"og:description\" content=\"Sveu\u010dili\u0161na je knji\u017enica u srijedu 21. sije\u010dnja 2026. godine ugostila Sharon Memis, glavnu tajnicu International Federation of Library Associations and\" \/>\n<meta property=\"og:url\" content=\"https:\/\/www.svkst.unist.hr\/index.php\/novosti\/posjet-sharon-memis-glavne-tajnice-ifla-e\/\" \/>\n<meta property=\"og:site_name\" content=\"Sveu\u010dili\u0161na knji\u017enica u Splitu\" \/>\n<meta property=\"article:publisher\" content=\"https:\/\/www.facebook.com\/svkst.unist.hr\/\" \/>\n<meta property=\"article:published_time\" content=\"2026-01-22T13:10:25+00:00\" \/>\n<meta property=\"article:modified_time\" content=\"2026-01-22T13:55:20+00:00\" \/>\n<meta property=\"og:image\" content=\"https:\/\/www.svkst.unist.hr\/wp-content\/uploads\/2026\/01\/DSC_7642-2-768x1024.jpg\" \/>\n<meta name=\"twitter:card\" content=\"summary_large_image\" \/>\n<meta name=\"twitter:label1\" content=\"Written by\" \/>\n\t<meta name=\"twitter:data1\" content=\"jmadunic\" \/>\n\t<meta name=\"twitter:label2\" content=\"Estimated reading time\" \/>\n\t<meta name=\"twitter:data2\" content=\"3 minutes\" \/>\n<script type=\"application\/ld+json\" class=\"yoast-schema-graph\">{\"@context\":\"https:\/\/schema.org\",\"@graph\":[{\"@type\":\"Organization\",\"@id\":\"https:\/\/www.svkst.unist.hr\/#organization\",\"name\":\"Sveu\\u010dili\\u0161na knji\\u017enica u Splitu\",\"url\":\"https:\/\/www.svkst.unist.hr\/\",\"sameAs\":[\"https:\/\/www.facebook.com\/svkst.unist.hr\/\"],\"logo\":{\"@type\":\"ImageObject\",\"@id\":\"https:\/\/www.svkst.unist.hr\/#logo\",\"inLanguage\":\"en-GB\",\"url\":\"https:\/\/i2.wp.com\/www.svkst.unist.hr\/wp-content\/uploads\/2018\/02\/sveucilisna_iskaznica_logo_tisak-1.png?fit=600%2C219&ssl=1\",\"contentUrl\":\"https:\/\/i2.wp.com\/www.svkst.unist.hr\/wp-content\/uploads\/2018\/02\/sveucilisna_iskaznica_logo_tisak-1.png?fit=600%2C219&ssl=1\",\"width\":600,\"height\":219,\"caption\":\"Sveu\\u010dili\\u0161na knji\\u017enica u Splitu\"},\"image\":{\"@id\":\"https:\/\/www.svkst.unist.hr\/#logo\"}},{\"@type\":\"WebSite\",\"@id\":\"https:\/\/www.svkst.unist.hr\/#website\",\"url\":\"https:\/\/www.svkst.unist.hr\/\",\"name\":\"Sveu\\u010dili\\u0161na knji\\u017enica u Splitu\",\"description\":\"\",\"publisher\":{\"@id\":\"https:\/\/www.svkst.unist.hr\/#organization\"},\"potentialAction\":[{\"@type\":\"SearchAction\",\"target\":{\"@type\":\"EntryPoint\",\"urlTemplate\":\"https:\/\/www.svkst.unist.hr\/?s={search_term_string}\"},\"query-input\":\"required name=search_term_string\"}],\"inLanguage\":\"en-GB\"},{\"@type\":\"ImageObject\",\"@id\":\"https:\/\/www.svkst.unist.hr\/index.php\/novosti\/posjet-sharon-memis-glavne-tajnice-ifla-e\/#primaryimage\",\"inLanguage\":\"en-GB\",\"url\":\"https:\/\/www.svkst.unist.hr\/wp-content\/uploads\/2026\/01\/DSC_7642-2.jpg\",\"contentUrl\":\"https:\/\/www.svkst.unist.hr\/wp-content\/uploads\/2026\/01\/DSC_7642-2.jpg\",\"width\":1875,\"height\":2500},{\"@type\":\"WebPage\",\"@id\":\"https:\/\/www.svkst.unist.hr\/index.php\/novosti\/posjet-sharon-memis-glavne-tajnice-ifla-e\/#webpage\",\"url\":\"https:\/\/www.svkst.unist.hr\/index.php\/novosti\/posjet-sharon-memis-glavne-tajnice-ifla-e\/\",\"name\":\"Posjet Sharon Memis, glavne tajnice IFLA-e - Sveu\\u010dili\\u0161na knji\\u017enica u Splitu\",\"isPartOf\":{\"@id\":\"https:\/\/www.svkst.unist.hr\/#website\"},\"primaryImageOfPage\":{\"@id\":\"https:\/\/www.svkst.unist.hr\/index.php\/novosti\/posjet-sharon-memis-glavne-tajnice-ifla-e\/#primaryimage\"},\"datePublished\":\"2026-01-22T13:10:25+00:00\",\"dateModified\":\"2026-01-22T13:55:20+00:00\",\"description\":\"Sveu\\u010dili\\u0161na je knji\\u017enica u srijedu 21. sije\\u010dnja 2026. godine ugostila Sharon Memis, glavnu tajnicu International Federation of Library Associations and\",\"breadcrumb\":{\"@id\":\"https:\/\/www.svkst.unist.hr\/index.php\/novosti\/posjet-sharon-memis-glavne-tajnice-ifla-e\/#breadcrumb\"},\"inLanguage\":\"en-GB\",\"potentialAction\":[{\"@type\":\"ReadAction\",\"target\":[\"https:\/\/www.svkst.unist.hr\/index.php\/novosti\/posjet-sharon-memis-glavne-tajnice-ifla-e\/\"]}]},{\"@type\":\"BreadcrumbList\",\"@id\":\"https:\/\/www.svkst.unist.hr\/index.php\/novosti\/posjet-sharon-memis-glavne-tajnice-ifla-e\/#breadcrumb\",\"itemListElement\":[{\"@type\":\"ListItem\",\"position\":1,\"name\":\"Home\",\"item\":\"https:\/\/www.svkst.unist.hr\/\"},{\"@type\":\"ListItem\",\"position\":2,\"name\":\"NOVOSTI\",\"item\":\"https:\/\/www.svkst.unist.hr\/index.php\/category\/novosti\/\"},{\"@type\":\"ListItem\",\"position\":3,\"name\":\"Posjet Sharon Memis, glavne tajnice IFLA-e\"}]},{\"@type\":\"Article\",\"@id\":\"https:\/\/www.svkst.unist.hr\/index.php\/novosti\/posjet-sharon-memis-glavne-tajnice-ifla-e\/#article\",\"isPartOf\":{\"@id\":\"https:\/\/www.svkst.unist.hr\/index.php\/novosti\/posjet-sharon-memis-glavne-tajnice-ifla-e\/#webpage\"},\"author\":{\"@id\":\"https:\/\/www.svkst.unist.hr\/#\/schema\/person\/317a3317d31226bab473c851dd6149ab\"},\"headline\":\"Posjet Sharon Memis, glavne tajnice IFLA-e\",\"datePublished\":\"2026-01-22T13:10:25+00:00\",\"dateModified\":\"2026-01-22T13:55:20+00:00\",\"mainEntityOfPage\":{\"@id\":\"https:\/\/www.svkst.unist.hr\/index.php\/novosti\/posjet-sharon-memis-glavne-tajnice-ifla-e\/#webpage\"},\"wordCount\":269,\"publisher\":{\"@id\":\"https:\/\/www.svkst.unist.hr\/#organization\"},\"image\":{\"@id\":\"https:\/\/www.svkst.unist.hr\/index.php\/novosti\/posjet-sharon-memis-glavne-tajnice-ifla-e\/#primaryimage\"},\"thumbnailUrl\":\"https:\/\/www.svkst.unist.hr\/wp-content\/uploads\/2026\/01\/DSC_7642-2-768x1024.jpg\",\"articleSection\":[\"Kvalitetno obrazovanje (SDG 4)\",\"NOVOSTI\",\"Odr\\u017eivi gradovi i zajednice (SDG 11)\",\"Partnerstvom do ciljeva (SDG 17)\",\"SDG\"],\"inLanguage\":\"en-GB\"},{\"@type\":\"Person\",\"@id\":\"https:\/\/www.svkst.unist.hr\/#\/schema\/person\/317a3317d31226bab473c851dd6149ab\",\"name\":\"jmadunic\"}]}<\/script>\n<!-- \/ Yoast SEO plugin. -->","yoast_head_json":{"title":"Posjet Sharon Memis, glavne tajnice IFLA-e - Sveu\u010dili\u0161na knji\u017enica u Splitu","description":"Sveu\u010dili\u0161na je knji\u017enica u srijedu 21. sije\u010dnja 2026. godine ugostila Sharon Memis, glavnu tajnicu International Federation of Library Associations and","robots":{"index":"index","follow":"follow","max-snippet":"max-snippet:-1","max-image-preview":"max-image-preview:large","max-video-preview":"max-video-preview:-1"},"canonical":"https:\/\/www.svkst.unist.hr\/index.php\/novosti\/posjet-sharon-memis-glavne-tajnice-ifla-e\/","og_locale":"en_GB","og_type":"article","og_title":"Posjet Sharon Memis, glavne tajnice IFLA-e - Sveu\u010dili\u0161na knji\u017enica u Splitu","og_description":"Sveu\u010dili\u0161na je knji\u017enica u srijedu 21. sije\u010dnja 2026. godine ugostila Sharon Memis, glavnu tajnicu International Federation of Library Associations and","og_url":"https:\/\/www.svkst.unist.hr\/index.php\/novosti\/posjet-sharon-memis-glavne-tajnice-ifla-e\/","og_site_name":"Sveu\u010dili\u0161na knji\u017enica u Splitu","article_publisher":"https:\/\/www.facebook.com\/svkst.unist.hr\/","article_published_time":"2026-01-22T13:10:25+00:00","article_modified_time":"2026-01-22T13:55:20+00:00","og_image":[{"url":"https:\/\/www.svkst.unist.hr\/wp-content\/uploads\/2026\/01\/DSC_7642-2-768x1024.jpg"}],"twitter_card":"summary_large_image","twitter_misc":{"Written by":"jmadunic","Estimated reading time":"3 minutes"},"schema":{"@context":"https:\/\/schema.org","@graph":[{"@type":"Organization","@id":"https:\/\/www.svkst.unist.hr\/#organization","name":"Sveu\u010dili\u0161na knji\u017enica u Splitu","url":"https:\/\/www.svkst.unist.hr\/","sameAs":["https:\/\/www.facebook.com\/svkst.unist.hr\/"],"logo":{"@type":"ImageObject","@id":"https:\/\/www.svkst.unist.hr\/#logo","inLanguage":"en-GB","url":"https:\/\/i2.wp.com\/www.svkst.unist.hr\/wp-content\/uploads\/2018\/02\/sveucilisna_iskaznica_logo_tisak-1.png?fit=600%2C219&ssl=1","contentUrl":"https:\/\/i2.wp.com\/www.svkst.unist.hr\/wp-content\/uploads\/2018\/02\/sveucilisna_iskaznica_logo_tisak-1.png?fit=600%2C219&ssl=1","width":600,"height":219,"caption":"Sveu\u010dili\u0161na knji\u017enica u Splitu"},"image":{"@id":"https:\/\/www.svkst.unist.hr\/#logo"}},{"@type":"WebSite","@id":"https:\/\/www.svkst.unist.hr\/#website","url":"https:\/\/www.svkst.unist.hr\/","name":"Sveu\u010dili\u0161na knji\u017enica u Splitu","description":"","publisher":{"@id":"https:\/\/www.svkst.unist.hr\/#organization"},"potentialAction":[{"@type":"SearchAction","target":{"@type":"EntryPoint","urlTemplate":"https:\/\/www.svkst.unist.hr\/?s={search_term_string}"},"query-input":"required name=search_term_string"}],"inLanguage":"en-GB"},{"@type":"ImageObject","@id":"https:\/\/www.svkst.unist.hr\/index.php\/novosti\/posjet-sharon-memis-glavne-tajnice-ifla-e\/#primaryimage","inLanguage":"en-GB","url":"https:\/\/www.svkst.unist.hr\/wp-content\/uploads\/2026\/01\/DSC_7642-2.jpg","contentUrl":"https:\/\/www.svkst.unist.hr\/wp-content\/uploads\/2026\/01\/DSC_7642-2.jpg","width":1875,"height":2500},{"@type":"WebPage","@id":"https:\/\/www.svkst.unist.hr\/index.php\/novosti\/posjet-sharon-memis-glavne-tajnice-ifla-e\/#webpage","url":"https:\/\/www.svkst.unist.hr\/index.php\/novosti\/posjet-sharon-memis-glavne-tajnice-ifla-e\/","name":"Posjet Sharon Memis, glavne tajnice IFLA-e - Sveu\u010dili\u0161na knji\u017enica u Splitu","isPartOf":{"@id":"https:\/\/www.svkst.unist.hr\/#website"},"primaryImageOfPage":{"@id":"https:\/\/www.svkst.unist.hr\/index.php\/novosti\/posjet-sharon-memis-glavne-tajnice-ifla-e\/#primaryimage"},"datePublished":"2026-01-22T13:10:25+00:00","dateModified":"2026-01-22T13:55:20+00:00","description":"Sveu\u010dili\u0161na je knji\u017enica u srijedu 21. sije\u010dnja 2026. godine ugostila Sharon Memis, glavnu tajnicu International Federation of Library Associations and","breadcrumb":{"@id":"https:\/\/www.svkst.unist.hr\/index.php\/novosti\/posjet-sharon-memis-glavne-tajnice-ifla-e\/#breadcrumb"},"inLanguage":"en-GB","potentialAction":[{"@type":"ReadAction","target":["https:\/\/www.svkst.unist.hr\/index.php\/novosti\/posjet-sharon-memis-glavne-tajnice-ifla-e\/"]}]},{"@type":"BreadcrumbList","@id":"https:\/\/www.svkst.unist.hr\/index.php\/novosti\/posjet-sharon-memis-glavne-tajnice-ifla-e\/#breadcrumb","itemListElement":[{"@type":"ListItem","position":1,"name":"Home","item":"https:\/\/www.svkst.unist.hr\/"},{"@type":"ListItem","position":2,"name":"NOVOSTI","item":"https:\/\/www.svkst.unist.hr\/index.php\/category\/novosti\/"},{"@type":"ListItem","position":3,"name":"Posjet Sharon Memis, glavne tajnice IFLA-e"}]},{"@type":"Article","@id":"https:\/\/www.svkst.unist.hr\/index.php\/novosti\/posjet-sharon-memis-glavne-tajnice-ifla-e\/#article","isPartOf":{"@id":"https:\/\/www.svkst.unist.hr\/index.php\/novosti\/posjet-sharon-memis-glavne-tajnice-ifla-e\/#webpage"},"author":{"@id":"https:\/\/www.svkst.unist.hr\/#\/schema\/person\/317a3317d31226bab473c851dd6149ab"},"headline":"Posjet Sharon Memis, glavne tajnice IFLA-e","datePublished":"2026-01-22T13:10:25+00:00","dateModified":"2026-01-22T13:55:20+00:00","mainEntityOfPage":{"@id":"https:\/\/www.svkst.unist.hr\/index.php\/novosti\/posjet-sharon-memis-glavne-tajnice-ifla-e\/#webpage"},"wordCount":269,"publisher":{"@id":"https:\/\/www.svkst.unist.hr\/#organization"},"image":{"@id":"https:\/\/www.svkst.unist.hr\/index.php\/novosti\/posjet-sharon-memis-glavne-tajnice-ifla-e\/#primaryimage"},"thumbnailUrl":"https:\/\/www.svkst.unist.hr\/wp-content\/uploads\/2026\/01\/DSC_7642-2-768x1024.jpg","articleSection":["Kvalitetno obrazovanje (SDG 4)","NOVOSTI","Odr\u017eivi gradovi i zajednice (SDG 11)","Partnerstvom do ciljeva (SDG 17)","SDG"],"inLanguage":"en-GB"},{"@type":"Person","@id":"https:\/\/www.svkst.unist.hr\/#\/schema\/person\/317a3317d31226bab473c851dd6149ab","name":"jmadunic"}]}},"jetpack_featured_media_url":"","jetpack_shortlink":"https:\/\/wp.me\/pan9Re-bPk","_links":{"self":[{"href":"https:\/\/www.svkst.unist.hr\/index.php\/wp-json\/wp\/v2\/posts\/45466"}],"collection":[{"href":"https:\/\/www.svkst.unist.hr\/index.php\/wp-json\/wp\/v2\/posts"}],"about":[{"href":"https:\/\/www.svkst.unist.hr\/index.php\/wp-json\/wp\/v2\/types\/post"}],"author":[{"embeddable":true,"href":"https:\/\/www.svkst.unist.hr\/index.php\/wp-json\/wp\/v2\/users\/14"}],"replies":[{"embeddable":true,"href":"https:\/\/www.svkst.unist.hr\/index.php\/wp-json\/wp\/v2\/comments?post=45466"}],"version-history":[{"count":3,"href":"https:\/\/www.svkst.unist.hr\/index.php\/wp-json\/wp\/v2\/posts\/45466\/revisions"}],"predecessor-version":[{"id":45477,"href":"https:\/\/www.svkst.unist.hr\/index.php\/wp-json\/wp\/v2\/posts\/45466\/revisions\/45477"}],"wp:attachment":[{"href":"https:\/\/www.svkst.unist.hr\/index.php\/wp-json\/wp\/v2\/media?parent=45466"}],"wp:term":[{"taxonomy":"category","embeddable":true,"href":"https:\/\/www.svkst.unist.hr\/index.php\/wp-json\/wp\/v2\/categories?post=45466"},{"taxonomy":"post_tag","embeddable":true,"href":"https:\/\/www.svkst.unist.hr\/index.php\/wp-json\/wp\/v2\/tags?post=45466"}],"curies":[{"name":"wp","href":"https:\/\/api.w.org\/{rel}","templated":true}]}}