{"id":2483,"date":"2018-08-28T13:03:05","date_gmt":"2018-08-28T12:03:05","guid":{"rendered":"http:\/\/www.svkst.unist.hr\/?p=2483"},"modified":"2018-09-27T12:54:55","modified_gmt":"2018-09-27T11:54:55","slug":"obavijest-o-radnom-vremenu","status":"publish","type":"post","link":"https:\/\/www.svkst.unist.hr\/index.php\/galerija\/obavijest-o-radnom-vremenu\/","title":{"rendered":"Obavijest o radnom vremenu"},"content":{"rendered":"<p>Do kraja ovoga tjedna galerija \u0107e raditi prema sljede\u0107em rasporedu:<br \/>\n29. 8. (srijeda): 10:00 &#8211; 14:00<br \/>\n30. 8. (\u010detvrtak): 9:00 &#8211; 13:00<br \/>\n31. 8. (petak): 15:30 &#8211; 19:30<\/p>\n","protected":false},"excerpt":{"rendered":"<p>Do kraja ovoga tjedna galerija \u0107e raditi prema sljede\u0107em rasporedu: 29. 8. (srijeda): 10:00 &#8211; 14:00 30. 8. (\u010detvrtak): 9:00 &#8211; 13:00 31. 8. (petak): 15:30 &#8211; 19:30<\/p>\n","protected":false},"author":5,"featured_media":1972,"comment_status":"closed","ping_status":"open","sticky":false,"template":"","format":"standard","meta":{"spay_email":""},"categories":[22],"tags":[],"acf":[],"yoast_head":"<!-- This site is optimized with the Yoast SEO plugin v17.8 - https:\/\/yoast.com\/wordpress\/plugins\/seo\/ -->\n<title>Obavijest o radnom vremenu - Sveu\u010dili\u0161na knji\u017enica u Splitu<\/title>\n<meta name=\"description\" content=\"Do kraja ovoga tjedna galerija \u0107e raditi prema sljede\u0107em rasporedu: 29. 8. (srijeda): 10:00 - 14:00 30. 8. (\u010detvrtak): 9:00 - 13:00 31. 8. (petak): 15:30\" \/>\n<meta name=\"robots\" content=\"index, follow, max-snippet:-1, max-image-preview:large, max-video-preview:-1\" \/>\n<link rel=\"canonical\" href=\"https:\/\/www.svkst.unist.hr\/index.php\/galerija\/obavijest-o-radnom-vremenu\/\" \/>\n<meta property=\"og:locale\" content=\"en_GB\" \/>\n<meta property=\"og:type\" content=\"article\" \/>\n<meta property=\"og:title\" content=\"Obavijest o radnom vremenu - Sveu\u010dili\u0161na knji\u017enica u Splitu\" \/>\n<meta property=\"og:description\" content=\"Do kraja ovoga tjedna galerija \u0107e raditi prema sljede\u0107em rasporedu: 29. 8. (srijeda): 10:00 - 14:00 30. 8. (\u010detvrtak): 9:00 - 13:00 31. 8. (petak): 15:30\" \/>\n<meta property=\"og:url\" content=\"https:\/\/www.svkst.unist.hr\/index.php\/galerija\/obavijest-o-radnom-vremenu\/\" \/>\n<meta property=\"og:site_name\" content=\"Sveu\u010dili\u0161na knji\u017enica u Splitu\" \/>\n<meta property=\"article:publisher\" content=\"https:\/\/www.facebook.com\/svkst.unist.hr\/\" \/>\n<meta property=\"article:published_time\" content=\"2018-08-28T12:03:05+00:00\" \/>\n<meta property=\"article:modified_time\" content=\"2018-09-27T11:54:55+00:00\" \/>\n<meta property=\"og:image\" content=\"https:\/\/i0.wp.com\/www.svkst.unist.hr\/wp-content\/uploads\/2018\/07\/2018-07-24_081906-e1532413296487.png?fit=898%2C524&#038;ssl=1\" \/>\n\t<meta property=\"og:image:width\" content=\"898\" \/>\n\t<meta property=\"og:image:height\" content=\"524\" \/>\n<meta name=\"twitter:card\" content=\"summary_large_image\" \/>\n<meta name=\"twitter:label1\" content=\"Written by\" \/>\n\t<meta name=\"twitter:data1\" content=\"Ljiljana\" \/>\n<script type=\"application\/ld+json\" class=\"yoast-schema-graph\">{\"@context\":\"https:\/\/schema.org\",\"@graph\":[{\"@type\":\"Organization\",\"@id\":\"https:\/\/www.svkst.unist.hr\/#organization\",\"name\":\"Sveu\\u010dili\\u0161na knji\\u017enica u Splitu\",\"url\":\"https:\/\/www.svkst.unist.hr\/\",\"sameAs\":[\"https:\/\/www.facebook.com\/svkst.unist.hr\/\"],\"logo\":{\"@type\":\"ImageObject\",\"@id\":\"https:\/\/www.svkst.unist.hr\/#logo\",\"inLanguage\":\"en-GB\",\"url\":\"https:\/\/i2.wp.com\/www.svkst.unist.hr\/wp-content\/uploads\/2018\/02\/sveucilisna_iskaznica_logo_tisak-1.png?fit=600%2C219&ssl=1\",\"contentUrl\":\"https:\/\/i2.wp.com\/www.svkst.unist.hr\/wp-content\/uploads\/2018\/02\/sveucilisna_iskaznica_logo_tisak-1.png?fit=600%2C219&ssl=1\",\"width\":600,\"height\":219,\"caption\":\"Sveu\\u010dili\\u0161na knji\\u017enica u Splitu\"},\"image\":{\"@id\":\"https:\/\/www.svkst.unist.hr\/#logo\"}},{\"@type\":\"WebSite\",\"@id\":\"https:\/\/www.svkst.unist.hr\/#website\",\"url\":\"https:\/\/www.svkst.unist.hr\/\",\"name\":\"Sveu\\u010dili\\u0161na knji\\u017enica u Splitu\",\"description\":\"\",\"publisher\":{\"@id\":\"https:\/\/www.svkst.unist.hr\/#organization\"},\"potentialAction\":[{\"@type\":\"SearchAction\",\"target\":{\"@type\":\"EntryPoint\",\"urlTemplate\":\"https:\/\/www.svkst.unist.hr\/?s={search_term_string}\"},\"query-input\":\"required name=search_term_string\"}],\"inLanguage\":\"en-GB\"},{\"@type\":\"ImageObject\",\"@id\":\"https:\/\/www.svkst.unist.hr\/index.php\/galerija\/obavijest-o-radnom-vremenu\/#primaryimage\",\"inLanguage\":\"en-GB\",\"url\":\"https:\/\/www.svkst.unist.hr\/wp-content\/uploads\/2018\/07\/2018-07-24_081906-e1532413296487.png\",\"contentUrl\":\"https:\/\/www.svkst.unist.hr\/wp-content\/uploads\/2018\/07\/2018-07-24_081906-e1532413296487.png\",\"width\":898,\"height\":524},{\"@type\":\"WebPage\",\"@id\":\"https:\/\/www.svkst.unist.hr\/index.php\/galerija\/obavijest-o-radnom-vremenu\/#webpage\",\"url\":\"https:\/\/www.svkst.unist.hr\/index.php\/galerija\/obavijest-o-radnom-vremenu\/\",\"name\":\"Obavijest o radnom vremenu - Sveu\\u010dili\\u0161na knji\\u017enica u Splitu\",\"isPartOf\":{\"@id\":\"https:\/\/www.svkst.unist.hr\/#website\"},\"primaryImageOfPage\":{\"@id\":\"https:\/\/www.svkst.unist.hr\/index.php\/galerija\/obavijest-o-radnom-vremenu\/#primaryimage\"},\"datePublished\":\"2018-08-28T12:03:05+00:00\",\"dateModified\":\"2018-09-27T11:54:55+00:00\",\"description\":\"Do kraja ovoga tjedna galerija \\u0107e raditi prema sljede\\u0107em rasporedu: 29. 8. (srijeda): 10:00 - 14:00 30. 8. (\\u010detvrtak): 9:00 - 13:00 31. 8. (petak): 15:30\",\"breadcrumb\":{\"@id\":\"https:\/\/www.svkst.unist.hr\/index.php\/galerija\/obavijest-o-radnom-vremenu\/#breadcrumb\"},\"inLanguage\":\"en-GB\",\"potentialAction\":[{\"@type\":\"ReadAction\",\"target\":[\"https:\/\/www.svkst.unist.hr\/index.php\/galerija\/obavijest-o-radnom-vremenu\/\"]}]},{\"@type\":\"BreadcrumbList\",\"@id\":\"https:\/\/www.svkst.unist.hr\/index.php\/galerija\/obavijest-o-radnom-vremenu\/#breadcrumb\",\"itemListElement\":[{\"@type\":\"ListItem\",\"position\":1,\"name\":\"Home\",\"item\":\"https:\/\/www.svkst.unist.hr\/\"},{\"@type\":\"ListItem\",\"position\":2,\"name\":\"GALERIJA\",\"item\":\"https:\/\/www.svkst.unist.hr\/index.php\/category\/galerija\/\"},{\"@type\":\"ListItem\",\"position\":3,\"name\":\"Obavijest o radnom vremenu\"}]},{\"@type\":\"Article\",\"@id\":\"https:\/\/www.svkst.unist.hr\/index.php\/galerija\/obavijest-o-radnom-vremenu\/#article\",\"isPartOf\":{\"@id\":\"https:\/\/www.svkst.unist.hr\/index.php\/galerija\/obavijest-o-radnom-vremenu\/#webpage\"},\"author\":{\"@id\":\"https:\/\/www.svkst.unist.hr\/#\/schema\/person\/6ed3dafcc02db1ac9e1e93a53dd5c986\"},\"headline\":\"Obavijest o radnom vremenu\",\"datePublished\":\"2018-08-28T12:03:05+00:00\",\"dateModified\":\"2018-09-27T11:54:55+00:00\",\"mainEntityOfPage\":{\"@id\":\"https:\/\/www.svkst.unist.hr\/index.php\/galerija\/obavijest-o-radnom-vremenu\/#webpage\"},\"wordCount\":21,\"publisher\":{\"@id\":\"https:\/\/www.svkst.unist.hr\/#organization\"},\"image\":{\"@id\":\"https:\/\/www.svkst.unist.hr\/index.php\/galerija\/obavijest-o-radnom-vremenu\/#primaryimage\"},\"thumbnailUrl\":\"https:\/\/www.svkst.unist.hr\/wp-content\/uploads\/2018\/07\/2018-07-24_081906-e1532413296487.png\",\"articleSection\":[\"GALERIJA\"],\"inLanguage\":\"en-GB\"},{\"@type\":\"Person\",\"@id\":\"https:\/\/www.svkst.unist.hr\/#\/schema\/person\/6ed3dafcc02db1ac9e1e93a53dd5c986\",\"name\":\"Ljiljana\"}]}<\/script>\n<!-- \/ Yoast SEO plugin. -->","yoast_head_json":{"title":"Obavijest o radnom vremenu - Sveu\u010dili\u0161na knji\u017enica u Splitu","description":"Do kraja ovoga tjedna galerija \u0107e raditi prema sljede\u0107em rasporedu: 29. 8. (srijeda): 10:00 - 14:00 30. 8. (\u010detvrtak): 9:00 - 13:00 31. 8. (petak): 15:30","robots":{"index":"index","follow":"follow","max-snippet":"max-snippet:-1","max-image-preview":"max-image-preview:large","max-video-preview":"max-video-preview:-1"},"canonical":"https:\/\/www.svkst.unist.hr\/index.php\/galerija\/obavijest-o-radnom-vremenu\/","og_locale":"en_GB","og_type":"article","og_title":"Obavijest o radnom vremenu - Sveu\u010dili\u0161na knji\u017enica u Splitu","og_description":"Do kraja ovoga tjedna galerija \u0107e raditi prema sljede\u0107em rasporedu: 29. 8. (srijeda): 10:00 - 14:00 30. 8. (\u010detvrtak): 9:00 - 13:00 31. 8. (petak): 15:30","og_url":"https:\/\/www.svkst.unist.hr\/index.php\/galerija\/obavijest-o-radnom-vremenu\/","og_site_name":"Sveu\u010dili\u0161na knji\u017enica u Splitu","article_publisher":"https:\/\/www.facebook.com\/svkst.unist.hr\/","article_published_time":"2018-08-28T12:03:05+00:00","article_modified_time":"2018-09-27T11:54:55+00:00","og_image":[{"width":898,"height":524,"url":"https:\/\/i0.wp.com\/www.svkst.unist.hr\/wp-content\/uploads\/2018\/07\/2018-07-24_081906-e1532413296487.png?fit=898%2C524&ssl=1","type":"image\/png"}],"twitter_card":"summary_large_image","twitter_misc":{"Written by":"Ljiljana"},"schema":{"@context":"https:\/\/schema.org","@graph":[{"@type":"Organization","@id":"https:\/\/www.svkst.unist.hr\/#organization","name":"Sveu\u010dili\u0161na knji\u017enica u Splitu","url":"https:\/\/www.svkst.unist.hr\/","sameAs":["https:\/\/www.facebook.com\/svkst.unist.hr\/"],"logo":{"@type":"ImageObject","@id":"https:\/\/www.svkst.unist.hr\/#logo","inLanguage":"en-GB","url":"https:\/\/i2.wp.com\/www.svkst.unist.hr\/wp-content\/uploads\/2018\/02\/sveucilisna_iskaznica_logo_tisak-1.png?fit=600%2C219&ssl=1","contentUrl":"https:\/\/i2.wp.com\/www.svkst.unist.hr\/wp-content\/uploads\/2018\/02\/sveucilisna_iskaznica_logo_tisak-1.png?fit=600%2C219&ssl=1","width":600,"height":219,"caption":"Sveu\u010dili\u0161na knji\u017enica u Splitu"},"image":{"@id":"https:\/\/www.svkst.unist.hr\/#logo"}},{"@type":"WebSite","@id":"https:\/\/www.svkst.unist.hr\/#website","url":"https:\/\/www.svkst.unist.hr\/","name":"Sveu\u010dili\u0161na knji\u017enica u Splitu","description":"","publisher":{"@id":"https:\/\/www.svkst.unist.hr\/#organization"},"potentialAction":[{"@type":"SearchAction","target":{"@type":"EntryPoint","urlTemplate":"https:\/\/www.svkst.unist.hr\/?s={search_term_string}"},"query-input":"required name=search_term_string"}],"inLanguage":"en-GB"},{"@type":"ImageObject","@id":"https:\/\/www.svkst.unist.hr\/index.php\/galerija\/obavijest-o-radnom-vremenu\/#primaryimage","inLanguage":"en-GB","url":"https:\/\/www.svkst.unist.hr\/wp-content\/uploads\/2018\/07\/2018-07-24_081906-e1532413296487.png","contentUrl":"https:\/\/www.svkst.unist.hr\/wp-content\/uploads\/2018\/07\/2018-07-24_081906-e1532413296487.png","width":898,"height":524},{"@type":"WebPage","@id":"https:\/\/www.svkst.unist.hr\/index.php\/galerija\/obavijest-o-radnom-vremenu\/#webpage","url":"https:\/\/www.svkst.unist.hr\/index.php\/galerija\/obavijest-o-radnom-vremenu\/","name":"Obavijest o radnom vremenu - Sveu\u010dili\u0161na knji\u017enica u Splitu","isPartOf":{"@id":"https:\/\/www.svkst.unist.hr\/#website"},"primaryImageOfPage":{"@id":"https:\/\/www.svkst.unist.hr\/index.php\/galerija\/obavijest-o-radnom-vremenu\/#primaryimage"},"datePublished":"2018-08-28T12:03:05+00:00","dateModified":"2018-09-27T11:54:55+00:00","description":"Do kraja ovoga tjedna galerija \u0107e raditi prema sljede\u0107em rasporedu: 29. 8. (srijeda): 10:00 - 14:00 30. 8. (\u010detvrtak): 9:00 - 13:00 31. 8. (petak): 15:30","breadcrumb":{"@id":"https:\/\/www.svkst.unist.hr\/index.php\/galerija\/obavijest-o-radnom-vremenu\/#breadcrumb"},"inLanguage":"en-GB","potentialAction":[{"@type":"ReadAction","target":["https:\/\/www.svkst.unist.hr\/index.php\/galerija\/obavijest-o-radnom-vremenu\/"]}]},{"@type":"BreadcrumbList","@id":"https:\/\/www.svkst.unist.hr\/index.php\/galerija\/obavijest-o-radnom-vremenu\/#breadcrumb","itemListElement":[{"@type":"ListItem","position":1,"name":"Home","item":"https:\/\/www.svkst.unist.hr\/"},{"@type":"ListItem","position":2,"name":"GALERIJA","item":"https:\/\/www.svkst.unist.hr\/index.php\/category\/galerija\/"},{"@type":"ListItem","position":3,"name":"Obavijest o radnom vremenu"}]},{"@type":"Article","@id":"https:\/\/www.svkst.unist.hr\/index.php\/galerija\/obavijest-o-radnom-vremenu\/#article","isPartOf":{"@id":"https:\/\/www.svkst.unist.hr\/index.php\/galerija\/obavijest-o-radnom-vremenu\/#webpage"},"author":{"@id":"https:\/\/www.svkst.unist.hr\/#\/schema\/person\/6ed3dafcc02db1ac9e1e93a53dd5c986"},"headline":"Obavijest o radnom vremenu","datePublished":"2018-08-28T12:03:05+00:00","dateModified":"2018-09-27T11:54:55+00:00","mainEntityOfPage":{"@id":"https:\/\/www.svkst.unist.hr\/index.php\/galerija\/obavijest-o-radnom-vremenu\/#webpage"},"wordCount":21,"publisher":{"@id":"https:\/\/www.svkst.unist.hr\/#organization"},"image":{"@id":"https:\/\/www.svkst.unist.hr\/index.php\/galerija\/obavijest-o-radnom-vremenu\/#primaryimage"},"thumbnailUrl":"https:\/\/www.svkst.unist.hr\/wp-content\/uploads\/2018\/07\/2018-07-24_081906-e1532413296487.png","articleSection":["GALERIJA"],"inLanguage":"en-GB"},{"@type":"Person","@id":"https:\/\/www.svkst.unist.hr\/#\/schema\/person\/6ed3dafcc02db1ac9e1e93a53dd5c986","name":"Ljiljana"}]}},"jetpack_featured_media_url":"https:\/\/www.svkst.unist.hr\/wp-content\/uploads\/2018\/07\/2018-07-24_081906-e1532413296487.png","jetpack_shortlink":"https:\/\/wp.me\/pan9Re-E3","_links":{"self":[{"href":"https:\/\/www.svkst.unist.hr\/index.php\/wp-json\/wp\/v2\/posts\/2483"}],"collection":[{"href":"https:\/\/www.svkst.unist.hr\/index.php\/wp-json\/wp\/v2\/posts"}],"about":[{"href":"https:\/\/www.svkst.unist.hr\/index.php\/wp-json\/wp\/v2\/types\/post"}],"author":[{"embeddable":true,"href":"https:\/\/www.svkst.unist.hr\/index.php\/wp-json\/wp\/v2\/users\/5"}],"replies":[{"embeddable":true,"href":"https:\/\/www.svkst.unist.hr\/index.php\/wp-json\/wp\/v2\/comments?post=2483"}],"version-history":[{"count":1,"href":"https:\/\/www.svkst.unist.hr\/index.php\/wp-json\/wp\/v2\/posts\/2483\/revisions"}],"predecessor-version":[{"id":2484,"href":"https:\/\/www.svkst.unist.hr\/index.php\/wp-json\/wp\/v2\/posts\/2483\/revisions\/2484"}],"wp:featuredmedia":[{"embeddable":true,"href":"https:\/\/www.svkst.unist.hr\/index.php\/wp-json\/wp\/v2\/media\/1972"}],"wp:attachment":[{"href":"https:\/\/www.svkst.unist.hr\/index.php\/wp-json\/wp\/v2\/media?parent=2483"}],"wp:term":[{"taxonomy":"category","embeddable":true,"href":"https:\/\/www.svkst.unist.hr\/index.php\/wp-json\/wp\/v2\/categories?post=2483"},{"taxonomy":"post_tag","embeddable":true,"href":"https:\/\/www.svkst.unist.hr\/index.php\/wp-json\/wp\/v2\/tags?post=2483"}],"curies":[{"name":"wp","href":"https:\/\/api.w.org\/{rel}","templated":true}]}}