{"id":17201,"date":"2025-06-30T14:59:08","date_gmt":"2025-06-30T12:59:08","guid":{"rendered":"https:\/\/www.svkst.unist.hr\/?p=17201"},"modified":"2025-06-30T14:59:10","modified_gmt":"2025-06-30T12:59:10","slug":"senat-sveucilista-u-splitu-donio-odluku-kojom-se-utvrduje-lista-kandidata-za-clanove-senata-sveucilista-u-splitu","status":"publish","type":"post","link":"https:\/\/www.svkst.unist.hr\/index.php\/novosti\/senat-sveucilista-u-splitu-donio-odluku-kojom-se-utvrduje-lista-kandidata-za-clanove-senata-sveucilista-u-splitu\/","title":{"rendered":"Senat Sveu\u010dili\u0161ta u Splitu donio Odluku kojom se utvr\u0111uje lista kandidata za \u010dlanove Senata Sveu\u010dili\u0161ta u Splitu"},"content":{"rendered":"\n<!--more-->\n\n\n\n<p>Povjerenstvo za izbor novih \u010dlanova Senata Sveu\u010dili\u0161ta u Splitu donijelo je dana 30. lipnja 2025. godine Odluku kojom se utvr\u0111uje lista kandidata za \u010dlanove Senata Sveu\u010dili\u0161ta u Splitu.<br>Predmetna Odluka Povjerenstva te Zahtjev prof. dr. sc. Jo\u0161ka Bo\u017ei\u0107a o povla\u010denju kandidature nalaze se u prilogu.<\/p>\n\n\n\n<p><a href=\"https:\/\/www.svkst.unist.hr\/wp-content\/uploads\/2025\/06\/Zahtjev-za-povlacenje-kanddidature-prof.-dr.-sc.-Josko-Bozic.pdf\">Zahtjev za povla\u010denje kandidature<\/a><br><a href=\"https:\/\/www.svkst.unist.hr\/wp-content\/uploads\/2025\/06\/Utvrdenje-liste-kandidata-clanova-Senata-Sveucilista-u-Splitu.pdf\">Utvr\u0111enje liste kandidata \u010dlanova Senata Sveu\u010dilista u Splitu<\/a><\/p>\n","protected":false},"excerpt":{"rendered":"","protected":false},"author":15,"featured_media":0,"comment_status":"closed","ping_status":"closed","sticky":false,"template":"","format":"standard","meta":{"spay_email":""},"categories":[49],"tags":[],"acf":[],"yoast_head":"<!-- This site is optimized with the Yoast SEO plugin v17.8 - https:\/\/yoast.com\/wordpress\/plugins\/seo\/ -->\n<title>Senat Sveu\u010dili\u0161ta u Splitu donio Odluku kojom se utvr\u0111uje lista kandidata za \u010dlanove Senata Sveu\u010dili\u0161ta u Splitu - Sveu\u010dili\u0161na knji\u017enica u Splitu<\/title>\n<meta name=\"description\" content=\"Povjerenstvo za izbor novih \u010dlanova Senata Sveu\u010dili\u0161ta u Splitu donijelo je dana 30. lipnja 2025. godine Odluku kojom se utvr\u0111uje lista kandidata za\" \/>\n<meta name=\"robots\" content=\"index, follow, max-snippet:-1, max-image-preview:large, max-video-preview:-1\" \/>\n<link rel=\"canonical\" href=\"https:\/\/www.svkst.unist.hr\/index.php\/novosti\/senat-sveucilista-u-splitu-donio-odluku-kojom-se-utvrduje-lista-kandidata-za-clanove-senata-sveucilista-u-splitu\/\" \/>\n<meta property=\"og:locale\" content=\"en_GB\" \/>\n<meta property=\"og:type\" content=\"article\" \/>\n<meta property=\"og:title\" content=\"Senat Sveu\u010dili\u0161ta u Splitu donio Odluku kojom se utvr\u0111uje lista kandidata za \u010dlanove Senata Sveu\u010dili\u0161ta u Splitu - Sveu\u010dili\u0161na knji\u017enica u Splitu\" \/>\n<meta property=\"og:description\" content=\"Povjerenstvo za izbor novih \u010dlanova Senata Sveu\u010dili\u0161ta u Splitu donijelo je dana 30. lipnja 2025. godine Odluku kojom se utvr\u0111uje lista kandidata za\" \/>\n<meta property=\"og:url\" content=\"https:\/\/www.svkst.unist.hr\/index.php\/novosti\/senat-sveucilista-u-splitu-donio-odluku-kojom-se-utvrduje-lista-kandidata-za-clanove-senata-sveucilista-u-splitu\/\" \/>\n<meta property=\"og:site_name\" content=\"Sveu\u010dili\u0161na knji\u017enica u Splitu\" \/>\n<meta property=\"article:publisher\" content=\"https:\/\/www.facebook.com\/svkst.unist.hr\/\" \/>\n<meta property=\"article:published_time\" content=\"2025-06-30T12:59:08+00:00\" \/>\n<meta property=\"article:modified_time\" content=\"2025-06-30T12:59:10+00:00\" \/>\n<meta name=\"twitter:card\" content=\"summary_large_image\" \/>\n<meta name=\"twitter:label1\" content=\"Written by\" \/>\n\t<meta name=\"twitter:data1\" content=\"Matija Sovulj\" \/>\n\t<meta name=\"twitter:label2\" content=\"Estimated reading time\" \/>\n\t<meta name=\"twitter:data2\" content=\"1 minute\" \/>\n<script type=\"application\/ld+json\" class=\"yoast-schema-graph\">{\"@context\":\"https:\/\/schema.org\",\"@graph\":[{\"@type\":\"Organization\",\"@id\":\"https:\/\/www.svkst.unist.hr\/#organization\",\"name\":\"Sveu\\u010dili\\u0161na knji\\u017enica u Splitu\",\"url\":\"https:\/\/www.svkst.unist.hr\/\",\"sameAs\":[\"https:\/\/www.facebook.com\/svkst.unist.hr\/\"],\"logo\":{\"@type\":\"ImageObject\",\"@id\":\"https:\/\/www.svkst.unist.hr\/#logo\",\"inLanguage\":\"en-GB\",\"url\":\"https:\/\/i2.wp.com\/www.svkst.unist.hr\/wp-content\/uploads\/2018\/02\/sveucilisna_iskaznica_logo_tisak-1.png?fit=600%2C219&ssl=1\",\"contentUrl\":\"https:\/\/i2.wp.com\/www.svkst.unist.hr\/wp-content\/uploads\/2018\/02\/sveucilisna_iskaznica_logo_tisak-1.png?fit=600%2C219&ssl=1\",\"width\":600,\"height\":219,\"caption\":\"Sveu\\u010dili\\u0161na knji\\u017enica u Splitu\"},\"image\":{\"@id\":\"https:\/\/www.svkst.unist.hr\/#logo\"}},{\"@type\":\"WebSite\",\"@id\":\"https:\/\/www.svkst.unist.hr\/#website\",\"url\":\"https:\/\/www.svkst.unist.hr\/\",\"name\":\"Sveu\\u010dili\\u0161na knji\\u017enica u Splitu\",\"description\":\"\",\"publisher\":{\"@id\":\"https:\/\/www.svkst.unist.hr\/#organization\"},\"potentialAction\":[{\"@type\":\"SearchAction\",\"target\":{\"@type\":\"EntryPoint\",\"urlTemplate\":\"https:\/\/www.svkst.unist.hr\/?s={search_term_string}\"},\"query-input\":\"required name=search_term_string\"}],\"inLanguage\":\"en-GB\"},{\"@type\":\"WebPage\",\"@id\":\"https:\/\/www.svkst.unist.hr\/index.php\/novosti\/senat-sveucilista-u-splitu-donio-odluku-kojom-se-utvrduje-lista-kandidata-za-clanove-senata-sveucilista-u-splitu\/#webpage\",\"url\":\"https:\/\/www.svkst.unist.hr\/index.php\/novosti\/senat-sveucilista-u-splitu-donio-odluku-kojom-se-utvrduje-lista-kandidata-za-clanove-senata-sveucilista-u-splitu\/\",\"name\":\"Senat Sveu\\u010dili\\u0161ta u Splitu donio Odluku kojom se utvr\\u0111uje lista kandidata za \\u010dlanove Senata Sveu\\u010dili\\u0161ta u Splitu - Sveu\\u010dili\\u0161na knji\\u017enica u Splitu\",\"isPartOf\":{\"@id\":\"https:\/\/www.svkst.unist.hr\/#website\"},\"datePublished\":\"2025-06-30T12:59:08+00:00\",\"dateModified\":\"2025-06-30T12:59:10+00:00\",\"description\":\"Povjerenstvo za izbor novih \\u010dlanova Senata Sveu\\u010dili\\u0161ta u Splitu donijelo je dana 30. lipnja 2025. godine Odluku kojom se utvr\\u0111uje lista kandidata za\",\"breadcrumb\":{\"@id\":\"https:\/\/www.svkst.unist.hr\/index.php\/novosti\/senat-sveucilista-u-splitu-donio-odluku-kojom-se-utvrduje-lista-kandidata-za-clanove-senata-sveucilista-u-splitu\/#breadcrumb\"},\"inLanguage\":\"en-GB\",\"potentialAction\":[{\"@type\":\"ReadAction\",\"target\":[\"https:\/\/www.svkst.unist.hr\/index.php\/novosti\/senat-sveucilista-u-splitu-donio-odluku-kojom-se-utvrduje-lista-kandidata-za-clanove-senata-sveucilista-u-splitu\/\"]}]},{\"@type\":\"BreadcrumbList\",\"@id\":\"https:\/\/www.svkst.unist.hr\/index.php\/novosti\/senat-sveucilista-u-splitu-donio-odluku-kojom-se-utvrduje-lista-kandidata-za-clanove-senata-sveucilista-u-splitu\/#breadcrumb\",\"itemListElement\":[{\"@type\":\"ListItem\",\"position\":1,\"name\":\"Home\",\"item\":\"https:\/\/www.svkst.unist.hr\/\"},{\"@type\":\"ListItem\",\"position\":2,\"name\":\"NOVOSTI\",\"item\":\"https:\/\/www.svkst.unist.hr\/index.php\/category\/novosti\/\"},{\"@type\":\"ListItem\",\"position\":3,\"name\":\"Senat Sveu\\u010dili\\u0161ta u Splitu donio Odluku kojom se utvr\\u0111uje lista kandidata za \\u010dlanove Senata Sveu\\u010dili\\u0161ta u Splitu\"}]},{\"@type\":\"Article\",\"@id\":\"https:\/\/www.svkst.unist.hr\/index.php\/novosti\/senat-sveucilista-u-splitu-donio-odluku-kojom-se-utvrduje-lista-kandidata-za-clanove-senata-sveucilista-u-splitu\/#article\",\"isPartOf\":{\"@id\":\"https:\/\/www.svkst.unist.hr\/index.php\/novosti\/senat-sveucilista-u-splitu-donio-odluku-kojom-se-utvrduje-lista-kandidata-za-clanove-senata-sveucilista-u-splitu\/#webpage\"},\"author\":{\"@id\":\"https:\/\/www.svkst.unist.hr\/#\/schema\/person\/4326cf6c57fcce8b9b2442f659514e5e\"},\"headline\":\"Senat Sveu\\u010dili\\u0161ta u Splitu donio Odluku kojom se utvr\\u0111uje lista kandidata za \\u010dlanove Senata Sveu\\u010dili\\u0161ta u Splitu\",\"datePublished\":\"2025-06-30T12:59:08+00:00\",\"dateModified\":\"2025-06-30T12:59:10+00:00\",\"mainEntityOfPage\":{\"@id\":\"https:\/\/www.svkst.unist.hr\/index.php\/novosti\/senat-sveucilista-u-splitu-donio-odluku-kojom-se-utvrduje-lista-kandidata-za-clanove-senata-sveucilista-u-splitu\/#webpage\"},\"wordCount\":88,\"publisher\":{\"@id\":\"https:\/\/www.svkst.unist.hr\/#organization\"},\"articleSection\":[\"NOVOSTI\"],\"inLanguage\":\"en-GB\"},{\"@type\":\"Person\",\"@id\":\"https:\/\/www.svkst.unist.hr\/#\/schema\/person\/4326cf6c57fcce8b9b2442f659514e5e\",\"name\":\"Matija Sovulj\"}]}<\/script>\n<!-- \/ Yoast SEO plugin. -->","yoast_head_json":{"title":"Senat Sveu\u010dili\u0161ta u Splitu donio Odluku kojom se utvr\u0111uje lista kandidata za \u010dlanove Senata Sveu\u010dili\u0161ta u Splitu - Sveu\u010dili\u0161na knji\u017enica u Splitu","description":"Povjerenstvo za izbor novih \u010dlanova Senata Sveu\u010dili\u0161ta u Splitu donijelo je dana 30. lipnja 2025. godine Odluku kojom se utvr\u0111uje lista kandidata za","robots":{"index":"index","follow":"follow","max-snippet":"max-snippet:-1","max-image-preview":"max-image-preview:large","max-video-preview":"max-video-preview:-1"},"canonical":"https:\/\/www.svkst.unist.hr\/index.php\/novosti\/senat-sveucilista-u-splitu-donio-odluku-kojom-se-utvrduje-lista-kandidata-za-clanove-senata-sveucilista-u-splitu\/","og_locale":"en_GB","og_type":"article","og_title":"Senat Sveu\u010dili\u0161ta u Splitu donio Odluku kojom se utvr\u0111uje lista kandidata za \u010dlanove Senata Sveu\u010dili\u0161ta u Splitu - Sveu\u010dili\u0161na knji\u017enica u Splitu","og_description":"Povjerenstvo za izbor novih \u010dlanova Senata Sveu\u010dili\u0161ta u Splitu donijelo je dana 30. lipnja 2025. godine Odluku kojom se utvr\u0111uje lista kandidata za","og_url":"https:\/\/www.svkst.unist.hr\/index.php\/novosti\/senat-sveucilista-u-splitu-donio-odluku-kojom-se-utvrduje-lista-kandidata-za-clanove-senata-sveucilista-u-splitu\/","og_site_name":"Sveu\u010dili\u0161na knji\u017enica u Splitu","article_publisher":"https:\/\/www.facebook.com\/svkst.unist.hr\/","article_published_time":"2025-06-30T12:59:08+00:00","article_modified_time":"2025-06-30T12:59:10+00:00","twitter_card":"summary_large_image","twitter_misc":{"Written by":"Matija Sovulj","Estimated reading time":"1 minute"},"schema":{"@context":"https:\/\/schema.org","@graph":[{"@type":"Organization","@id":"https:\/\/www.svkst.unist.hr\/#organization","name":"Sveu\u010dili\u0161na knji\u017enica u Splitu","url":"https:\/\/www.svkst.unist.hr\/","sameAs":["https:\/\/www.facebook.com\/svkst.unist.hr\/"],"logo":{"@type":"ImageObject","@id":"https:\/\/www.svkst.unist.hr\/#logo","inLanguage":"en-GB","url":"https:\/\/i2.wp.com\/www.svkst.unist.hr\/wp-content\/uploads\/2018\/02\/sveucilisna_iskaznica_logo_tisak-1.png?fit=600%2C219&ssl=1","contentUrl":"https:\/\/i2.wp.com\/www.svkst.unist.hr\/wp-content\/uploads\/2018\/02\/sveucilisna_iskaznica_logo_tisak-1.png?fit=600%2C219&ssl=1","width":600,"height":219,"caption":"Sveu\u010dili\u0161na knji\u017enica u Splitu"},"image":{"@id":"https:\/\/www.svkst.unist.hr\/#logo"}},{"@type":"WebSite","@id":"https:\/\/www.svkst.unist.hr\/#website","url":"https:\/\/www.svkst.unist.hr\/","name":"Sveu\u010dili\u0161na knji\u017enica u Splitu","description":"","publisher":{"@id":"https:\/\/www.svkst.unist.hr\/#organization"},"potentialAction":[{"@type":"SearchAction","target":{"@type":"EntryPoint","urlTemplate":"https:\/\/www.svkst.unist.hr\/?s={search_term_string}"},"query-input":"required name=search_term_string"}],"inLanguage":"en-GB"},{"@type":"WebPage","@id":"https:\/\/www.svkst.unist.hr\/index.php\/novosti\/senat-sveucilista-u-splitu-donio-odluku-kojom-se-utvrduje-lista-kandidata-za-clanove-senata-sveucilista-u-splitu\/#webpage","url":"https:\/\/www.svkst.unist.hr\/index.php\/novosti\/senat-sveucilista-u-splitu-donio-odluku-kojom-se-utvrduje-lista-kandidata-za-clanove-senata-sveucilista-u-splitu\/","name":"Senat Sveu\u010dili\u0161ta u Splitu donio Odluku kojom se utvr\u0111uje lista kandidata za \u010dlanove Senata Sveu\u010dili\u0161ta u Splitu - Sveu\u010dili\u0161na knji\u017enica u Splitu","isPartOf":{"@id":"https:\/\/www.svkst.unist.hr\/#website"},"datePublished":"2025-06-30T12:59:08+00:00","dateModified":"2025-06-30T12:59:10+00:00","description":"Povjerenstvo za izbor novih \u010dlanova Senata Sveu\u010dili\u0161ta u Splitu donijelo je dana 30. lipnja 2025. godine Odluku kojom se utvr\u0111uje lista kandidata za","breadcrumb":{"@id":"https:\/\/www.svkst.unist.hr\/index.php\/novosti\/senat-sveucilista-u-splitu-donio-odluku-kojom-se-utvrduje-lista-kandidata-za-clanove-senata-sveucilista-u-splitu\/#breadcrumb"},"inLanguage":"en-GB","potentialAction":[{"@type":"ReadAction","target":["https:\/\/www.svkst.unist.hr\/index.php\/novosti\/senat-sveucilista-u-splitu-donio-odluku-kojom-se-utvrduje-lista-kandidata-za-clanove-senata-sveucilista-u-splitu\/"]}]},{"@type":"BreadcrumbList","@id":"https:\/\/www.svkst.unist.hr\/index.php\/novosti\/senat-sveucilista-u-splitu-donio-odluku-kojom-se-utvrduje-lista-kandidata-za-clanove-senata-sveucilista-u-splitu\/#breadcrumb","itemListElement":[{"@type":"ListItem","position":1,"name":"Home","item":"https:\/\/www.svkst.unist.hr\/"},{"@type":"ListItem","position":2,"name":"NOVOSTI","item":"https:\/\/www.svkst.unist.hr\/index.php\/category\/novosti\/"},{"@type":"ListItem","position":3,"name":"Senat Sveu\u010dili\u0161ta u Splitu donio Odluku kojom se utvr\u0111uje lista kandidata za \u010dlanove Senata Sveu\u010dili\u0161ta u Splitu"}]},{"@type":"Article","@id":"https:\/\/www.svkst.unist.hr\/index.php\/novosti\/senat-sveucilista-u-splitu-donio-odluku-kojom-se-utvrduje-lista-kandidata-za-clanove-senata-sveucilista-u-splitu\/#article","isPartOf":{"@id":"https:\/\/www.svkst.unist.hr\/index.php\/novosti\/senat-sveucilista-u-splitu-donio-odluku-kojom-se-utvrduje-lista-kandidata-za-clanove-senata-sveucilista-u-splitu\/#webpage"},"author":{"@id":"https:\/\/www.svkst.unist.hr\/#\/schema\/person\/4326cf6c57fcce8b9b2442f659514e5e"},"headline":"Senat Sveu\u010dili\u0161ta u Splitu donio Odluku kojom se utvr\u0111uje lista kandidata za \u010dlanove Senata Sveu\u010dili\u0161ta u Splitu","datePublished":"2025-06-30T12:59:08+00:00","dateModified":"2025-06-30T12:59:10+00:00","mainEntityOfPage":{"@id":"https:\/\/www.svkst.unist.hr\/index.php\/novosti\/senat-sveucilista-u-splitu-donio-odluku-kojom-se-utvrduje-lista-kandidata-za-clanove-senata-sveucilista-u-splitu\/#webpage"},"wordCount":88,"publisher":{"@id":"https:\/\/www.svkst.unist.hr\/#organization"},"articleSection":["NOVOSTI"],"inLanguage":"en-GB"},{"@type":"Person","@id":"https:\/\/www.svkst.unist.hr\/#\/schema\/person\/4326cf6c57fcce8b9b2442f659514e5e","name":"Matija Sovulj"}]}},"jetpack_featured_media_url":"","jetpack_shortlink":"https:\/\/wp.me\/pan9Re-4tr","_links":{"self":[{"href":"https:\/\/www.svkst.unist.hr\/index.php\/wp-json\/wp\/v2\/posts\/17201"}],"collection":[{"href":"https:\/\/www.svkst.unist.hr\/index.php\/wp-json\/wp\/v2\/posts"}],"about":[{"href":"https:\/\/www.svkst.unist.hr\/index.php\/wp-json\/wp\/v2\/types\/post"}],"author":[{"embeddable":true,"href":"https:\/\/www.svkst.unist.hr\/index.php\/wp-json\/wp\/v2\/users\/15"}],"replies":[{"embeddable":true,"href":"https:\/\/www.svkst.unist.hr\/index.php\/wp-json\/wp\/v2\/comments?post=17201"}],"version-history":[{"count":4,"href":"https:\/\/www.svkst.unist.hr\/index.php\/wp-json\/wp\/v2\/posts\/17201\/revisions"}],"predecessor-version":[{"id":17205,"href":"https:\/\/www.svkst.unist.hr\/index.php\/wp-json\/wp\/v2\/posts\/17201\/revisions\/17205"}],"wp:attachment":[{"href":"https:\/\/www.svkst.unist.hr\/index.php\/wp-json\/wp\/v2\/media?parent=17201"}],"wp:term":[{"taxonomy":"category","embeddable":true,"href":"https:\/\/www.svkst.unist.hr\/index.php\/wp-json\/wp\/v2\/categories?post=17201"},{"taxonomy":"post_tag","embeddable":true,"href":"https:\/\/www.svkst.unist.hr\/index.php\/wp-json\/wp\/v2\/tags?post=17201"}],"curies":[{"name":"wp","href":"https:\/\/api.w.org\/{rel}","templated":true}]}}