{"id":14047,"date":"2023-03-02T06:00:00","date_gmt":"2023-03-02T05:00:00","guid":{"rendered":"https:\/\/www.svkst.unist.hr\/?p=14047"},"modified":"2023-03-16T08:32:30","modified_gmt":"2023-03-16T07:32:30","slug":"zagorka-i-njezini-besteseleri","status":"publish","type":"post","link":"https:\/\/www.svkst.unist.hr\/index.php\/novosti\/zagorka-i-njezini-besteseleri\/","title":{"rendered":"Zagorka i njezini bestseleri"},"content":{"rendered":"\n<p>Po\u010detkom o\u017eujka obilje\u017eava se 150. godi\u0161njica ro\u0111enja naj\u010ditanije hrvatske autorice, iako je i ta \u010dinjenica to\u010dnog datuma ro\u0111enja jo\u0161 jedna od brojnih kontroverzi koje su obilje\u017eile njezin zanimljiv \u017eivot. Premda su je silno cijenili poznati suvremenici, me\u0111u ostalima i Frano Supilo i Eugen Kumi\u010di\u0107, vrijednost Zagorkine knji\u017eevnosti i novinarskog rada prepoznata je tek nakon njezine smrti. <\/p>\n\n\n\n<!--more-->\n\n\n\n<p>Ljubavni romani koji su u prvim desetlje\u0107ima 20. stolje\u0107a izlazili u nastavcima u novinama kao prava \u201e\u0161und literatura\u201c postali su prvi hrvatski bestseleri. Vlastitom u\u0161te\u0111evinom i samostalno 1939. godine pokre\u0107e <a href=\"http:\/\/dnc.nsk.hr\/journals\/LibraryTitle.aspx?id=23ec3af4-8916-49fe-839c-8eca24fa4432\" target=\"_blank\" rel=\"noreferrer noopener nofollow\">\u201eHrvaticu : \u010dasopis za \u017eenu i dom\u201c<\/a> u kojem pi\u0161e tekstove o hrvatskoj tradiciji i povijesti, uz prakti\u010dne ku\u0107anske savjete i zabavne sadr\u017eaje, poput modnih trendova. Nakon Drugoga svjetskog rata novouspostavljena diktatura proletarijata Zagorki zabranjuje objavljivanje i eliminira je iz javnog \u017eivota, ali njezina publika ne odustaje \u2013 redakcijama \u0161alju pisma i tra\u017ee njezine romane. Iako je Zagorkin <em>topos <\/em>prvenstveno Zagreb, \u010dak je i Slobodna Dalmacija u godini njezine smrti 1957., dnevno u nastavcima objavljivala roman \u201eNevina u ludnici\u201c u 112 sve\u0161\u010di\u0107a.<\/p>\n\n\n\n<div class=\"wp-block-image\"><figure class=\"aligncenter size-full is-resized\"><a href=\"https:\/\/slobodnadalmacija.hr\/kultura\/zena-zbog-koje-splicanke-zaboravljale-na-rucak-posebna-obljetnica-za-slobodnu-i-jednu-veliku-novinarku-471497\" target=\"_blank\" rel=\"noopener\"><img data-attachment-id=\"14048\" data-permalink=\"https:\/\/www.svkst.unist.hr\/index.php\/novosti\/zagorka-i-njezini-besteseleri\/attachment\/nevina-u-ludnici\/\" data-orig-file=\"https:\/\/www.svkst.unist.hr\/wp-content\/uploads\/2023\/03\/Nevina-u-ludnici.jpg\" data-orig-size=\"920,573\" data-comments-opened=\"0\" data-image-meta=\"{&quot;aperture&quot;:&quot;0&quot;,&quot;credit&quot;:&quot;&quot;,&quot;camera&quot;:&quot;&quot;,&quot;caption&quot;:&quot;&quot;,&quot;created_timestamp&quot;:&quot;1676884829&quot;,&quot;copyright&quot;:&quot;&quot;,&quot;focal_length&quot;:&quot;0&quot;,&quot;iso&quot;:&quot;0&quot;,&quot;shutter_speed&quot;:&quot;0&quot;,&quot;title&quot;:&quot;&quot;,&quot;orientation&quot;:&quot;1&quot;}\" data-image-title=\"Nevina-u-ludnici\" data-image-description=\"\" data-image-caption=\"\" data-medium-file=\"https:\/\/www.svkst.unist.hr\/wp-content\/uploads\/2023\/03\/Nevina-u-ludnici-300x187.jpg\" data-large-file=\"https:\/\/www.svkst.unist.hr\/wp-content\/uploads\/2023\/03\/Nevina-u-ludnici.jpg\" src=\"https:\/\/www.svkst.unist.hr\/wp-content\/uploads\/2023\/03\/Nevina-u-ludnici.jpg\" alt=\"\" class=\"wp-image-14048\" width=\"800\" srcset=\"https:\/\/www.svkst.unist.hr\/wp-content\/uploads\/2023\/03\/Nevina-u-ludnici.jpg 920w, https:\/\/www.svkst.unist.hr\/wp-content\/uploads\/2023\/03\/Nevina-u-ludnici-300x187.jpg 300w, https:\/\/www.svkst.unist.hr\/wp-content\/uploads\/2023\/03\/Nevina-u-ludnici-768x478.jpg 768w\" sizes=\"(max-width: 920px) 100vw, 920px\" \/><\/a><\/figure><\/div>\n\n\n\n<p>Na policama Sveu\u010dili\u0161ne knji\u017enice u Splitu, depozitne knji\u017enice s ulogom \u010duvanja hrvatske knjige, nalazi se sedamdesetak primjeraka Zagorkinih uspje\u0161nica, od kojih su neki romani do\u017eivjeli desetak izdanja. Potvrda da interes za Zagorku ne jenjava jest i <em>fri\u0161ko <\/em>objavljeno integralno stripofilsko izdanje \u201eGri\u010dke vje\u0161tice\u201c poznatog hrvatskog crta\u010da Andrije Maurovi\u0107a, izvorno nastalo po\u010detkom 1960-ih.<\/p>\n\n\n\n<div class=\"wp-block-image\"><figure class=\"aligncenter size-full is-resized\"><a href=\"https:\/\/www.matica.hr\/vijenac\/754\/steta-sto-ovakvih-pothvata-nema-i-vise-34229\/\" target=\"_blank\" rel=\"noopener\"><img data-attachment-id=\"14049\" data-permalink=\"https:\/\/www.svkst.unist.hr\/index.php\/novosti\/zagorka-i-njezini-besteseleri\/attachment\/album-maurovic-24-25\/\" data-orig-file=\"https:\/\/www.svkst.unist.hr\/wp-content\/uploads\/2023\/03\/ALBUM-MAUROVIC-24-25.jpg\" data-orig-size=\"1280,678\" data-comments-opened=\"0\" data-image-meta=\"{&quot;aperture&quot;:&quot;0&quot;,&quot;credit&quot;:&quot;&quot;,&quot;camera&quot;:&quot;&quot;,&quot;caption&quot;:&quot;&quot;,&quot;created_timestamp&quot;:&quot;0&quot;,&quot;copyright&quot;:&quot;&quot;,&quot;focal_length&quot;:&quot;0&quot;,&quot;iso&quot;:&quot;0&quot;,&quot;shutter_speed&quot;:&quot;0&quot;,&quot;title&quot;:&quot;&quot;,&quot;orientation&quot;:&quot;0&quot;}\" data-image-title=\"ALBUM-MAUROVIC-24-25\" data-image-description=\"\" data-image-caption=\"\" data-medium-file=\"https:\/\/www.svkst.unist.hr\/wp-content\/uploads\/2023\/03\/ALBUM-MAUROVIC-24-25-300x159.jpg\" data-large-file=\"https:\/\/www.svkst.unist.hr\/wp-content\/uploads\/2023\/03\/ALBUM-MAUROVIC-24-25-1024x542.jpg\" src=\"https:\/\/www.svkst.unist.hr\/wp-content\/uploads\/2023\/03\/ALBUM-MAUROVIC-24-25.jpg\" alt=\"\" class=\"wp-image-14049\" width=\"800\" srcset=\"https:\/\/www.svkst.unist.hr\/wp-content\/uploads\/2023\/03\/ALBUM-MAUROVIC-24-25.jpg 1280w, https:\/\/www.svkst.unist.hr\/wp-content\/uploads\/2023\/03\/ALBUM-MAUROVIC-24-25-300x159.jpg 300w, https:\/\/www.svkst.unist.hr\/wp-content\/uploads\/2023\/03\/ALBUM-MAUROVIC-24-25-1024x542.jpg 1024w, https:\/\/www.svkst.unist.hr\/wp-content\/uploads\/2023\/03\/ALBUM-MAUROVIC-24-25-768x407.jpg 768w\" sizes=\"(max-width: 1280px) 100vw, 1280px\" \/><\/a><\/figure><\/div>\n","protected":false},"excerpt":{"rendered":"<p>Po\u010detkom o\u017eujka obilje\u017eava se 150. godi\u0161njica ro\u0111enja naj\u010ditanije hrvatske autorice, iako je i ta \u010dinjenica to\u010dnog datuma ro\u0111enja jo\u0161 jedna od brojnih kontroverzi koje su obilje\u017eile njezin zanimljiv \u017eivot. Premda su je silno cijenili poznati suvremenici, me\u0111u ostalima i Frano Supilo i Eugen Kumi\u010di\u0107, vrijednost Zagorkine knji\u017eevnosti i novinarskog rada prepoznata je tek nakon njezine [&hellip;]<\/p>\n","protected":false},"author":14,"featured_media":0,"comment_status":"closed","ping_status":"closed","sticky":false,"template":"","format":"standard","meta":{"spay_email":""},"categories":[49],"tags":[],"acf":[],"yoast_head":"<!-- This site is optimized with the Yoast SEO plugin v17.8 - https:\/\/yoast.com\/wordpress\/plugins\/seo\/ -->\n<title>Zagorka i njezini bestseleri - Sveu\u010dili\u0161na knji\u017enica u Splitu<\/title>\n<meta name=\"description\" content=\"Po\u010detkom o\u017eujka obilje\u017eava se 150. godi\u0161njica ro\u0111enja naj\u010ditanije hrvatske autorice, iako je i ta \u010dinjenica to\u010dnog datuma ro\u0111enja jo\u0161 jedna od brojnih\" \/>\n<meta name=\"robots\" content=\"index, follow, max-snippet:-1, max-image-preview:large, max-video-preview:-1\" \/>\n<link rel=\"canonical\" href=\"https:\/\/www.svkst.unist.hr\/index.php\/novosti\/zagorka-i-njezini-besteseleri\/\" \/>\n<meta property=\"og:locale\" content=\"en_GB\" \/>\n<meta property=\"og:type\" content=\"article\" \/>\n<meta property=\"og:title\" content=\"Zagorka i njezini bestseleri - Sveu\u010dili\u0161na knji\u017enica u Splitu\" \/>\n<meta property=\"og:description\" content=\"Po\u010detkom o\u017eujka obilje\u017eava se 150. godi\u0161njica ro\u0111enja naj\u010ditanije hrvatske autorice, iako je i ta \u010dinjenica to\u010dnog datuma ro\u0111enja jo\u0161 jedna od brojnih\" \/>\n<meta property=\"og:url\" content=\"https:\/\/www.svkst.unist.hr\/index.php\/novosti\/zagorka-i-njezini-besteseleri\/\" \/>\n<meta property=\"og:site_name\" content=\"Sveu\u010dili\u0161na knji\u017enica u Splitu\" \/>\n<meta property=\"article:publisher\" content=\"https:\/\/www.facebook.com\/svkst.unist.hr\/\" \/>\n<meta property=\"article:published_time\" content=\"2023-03-02T05:00:00+00:00\" \/>\n<meta property=\"article:modified_time\" content=\"2023-03-16T07:32:30+00:00\" \/>\n<meta property=\"og:image\" content=\"https:\/\/www.svkst.unist.hr\/wp-content\/uploads\/2023\/03\/Nevina-u-ludnici.jpg\" \/>\n<meta name=\"twitter:card\" content=\"summary_large_image\" \/>\n<meta name=\"twitter:label1\" content=\"Written by\" \/>\n\t<meta name=\"twitter:data1\" content=\"jmadunic\" \/>\n\t<meta name=\"twitter:label2\" content=\"Estimated reading time\" \/>\n\t<meta name=\"twitter:data2\" content=\"2 minutes\" \/>\n<script type=\"application\/ld+json\" class=\"yoast-schema-graph\">{\"@context\":\"https:\/\/schema.org\",\"@graph\":[{\"@type\":\"Organization\",\"@id\":\"https:\/\/www.svkst.unist.hr\/#organization\",\"name\":\"Sveu\\u010dili\\u0161na knji\\u017enica u Splitu\",\"url\":\"https:\/\/www.svkst.unist.hr\/\",\"sameAs\":[\"https:\/\/www.facebook.com\/svkst.unist.hr\/\"],\"logo\":{\"@type\":\"ImageObject\",\"@id\":\"https:\/\/www.svkst.unist.hr\/#logo\",\"inLanguage\":\"en-GB\",\"url\":\"https:\/\/i2.wp.com\/www.svkst.unist.hr\/wp-content\/uploads\/2018\/02\/sveucilisna_iskaznica_logo_tisak-1.png?fit=600%2C219&ssl=1\",\"contentUrl\":\"https:\/\/i2.wp.com\/www.svkst.unist.hr\/wp-content\/uploads\/2018\/02\/sveucilisna_iskaznica_logo_tisak-1.png?fit=600%2C219&ssl=1\",\"width\":600,\"height\":219,\"caption\":\"Sveu\\u010dili\\u0161na knji\\u017enica u Splitu\"},\"image\":{\"@id\":\"https:\/\/www.svkst.unist.hr\/#logo\"}},{\"@type\":\"WebSite\",\"@id\":\"https:\/\/www.svkst.unist.hr\/#website\",\"url\":\"https:\/\/www.svkst.unist.hr\/\",\"name\":\"Sveu\\u010dili\\u0161na knji\\u017enica u Splitu\",\"description\":\"\",\"publisher\":{\"@id\":\"https:\/\/www.svkst.unist.hr\/#organization\"},\"potentialAction\":[{\"@type\":\"SearchAction\",\"target\":{\"@type\":\"EntryPoint\",\"urlTemplate\":\"https:\/\/www.svkst.unist.hr\/?s={search_term_string}\"},\"query-input\":\"required name=search_term_string\"}],\"inLanguage\":\"en-GB\"},{\"@type\":\"ImageObject\",\"@id\":\"https:\/\/www.svkst.unist.hr\/index.php\/novosti\/zagorka-i-njezini-besteseleri\/#primaryimage\",\"inLanguage\":\"en-GB\",\"url\":\"https:\/\/www.svkst.unist.hr\/wp-content\/uploads\/2023\/03\/Nevina-u-ludnici.jpg\",\"contentUrl\":\"https:\/\/www.svkst.unist.hr\/wp-content\/uploads\/2023\/03\/Nevina-u-ludnici.jpg\",\"width\":920,\"height\":573},{\"@type\":\"WebPage\",\"@id\":\"https:\/\/www.svkst.unist.hr\/index.php\/novosti\/zagorka-i-njezini-besteseleri\/#webpage\",\"url\":\"https:\/\/www.svkst.unist.hr\/index.php\/novosti\/zagorka-i-njezini-besteseleri\/\",\"name\":\"Zagorka i njezini bestseleri - Sveu\\u010dili\\u0161na knji\\u017enica u Splitu\",\"isPartOf\":{\"@id\":\"https:\/\/www.svkst.unist.hr\/#website\"},\"primaryImageOfPage\":{\"@id\":\"https:\/\/www.svkst.unist.hr\/index.php\/novosti\/zagorka-i-njezini-besteseleri\/#primaryimage\"},\"datePublished\":\"2023-03-02T05:00:00+00:00\",\"dateModified\":\"2023-03-16T07:32:30+00:00\",\"description\":\"Po\\u010detkom o\\u017eujka obilje\\u017eava se 150. godi\\u0161njica ro\\u0111enja naj\\u010ditanije hrvatske autorice, iako je i ta \\u010dinjenica to\\u010dnog datuma ro\\u0111enja jo\\u0161 jedna od brojnih\",\"breadcrumb\":{\"@id\":\"https:\/\/www.svkst.unist.hr\/index.php\/novosti\/zagorka-i-njezini-besteseleri\/#breadcrumb\"},\"inLanguage\":\"en-GB\",\"potentialAction\":[{\"@type\":\"ReadAction\",\"target\":[\"https:\/\/www.svkst.unist.hr\/index.php\/novosti\/zagorka-i-njezini-besteseleri\/\"]}]},{\"@type\":\"BreadcrumbList\",\"@id\":\"https:\/\/www.svkst.unist.hr\/index.php\/novosti\/zagorka-i-njezini-besteseleri\/#breadcrumb\",\"itemListElement\":[{\"@type\":\"ListItem\",\"position\":1,\"name\":\"Home\",\"item\":\"https:\/\/www.svkst.unist.hr\/\"},{\"@type\":\"ListItem\",\"position\":2,\"name\":\"NOVOSTI\",\"item\":\"https:\/\/www.svkst.unist.hr\/index.php\/category\/novosti\/\"},{\"@type\":\"ListItem\",\"position\":3,\"name\":\"Zagorka i njezini bestseleri\"}]},{\"@type\":\"Article\",\"@id\":\"https:\/\/www.svkst.unist.hr\/index.php\/novosti\/zagorka-i-njezini-besteseleri\/#article\",\"isPartOf\":{\"@id\":\"https:\/\/www.svkst.unist.hr\/index.php\/novosti\/zagorka-i-njezini-besteseleri\/#webpage\"},\"author\":{\"@id\":\"https:\/\/www.svkst.unist.hr\/#\/schema\/person\/317a3317d31226bab473c851dd6149ab\"},\"headline\":\"Zagorka i njezini bestseleri\",\"datePublished\":\"2023-03-02T05:00:00+00:00\",\"dateModified\":\"2023-03-16T07:32:30+00:00\",\"mainEntityOfPage\":{\"@id\":\"https:\/\/www.svkst.unist.hr\/index.php\/novosti\/zagorka-i-njezini-besteseleri\/#webpage\"},\"wordCount\":253,\"publisher\":{\"@id\":\"https:\/\/www.svkst.unist.hr\/#organization\"},\"image\":{\"@id\":\"https:\/\/www.svkst.unist.hr\/index.php\/novosti\/zagorka-i-njezini-besteseleri\/#primaryimage\"},\"thumbnailUrl\":\"https:\/\/www.svkst.unist.hr\/wp-content\/uploads\/2023\/03\/Nevina-u-ludnici.jpg\",\"articleSection\":[\"NOVOSTI\"],\"inLanguage\":\"en-GB\"},{\"@type\":\"Person\",\"@id\":\"https:\/\/www.svkst.unist.hr\/#\/schema\/person\/317a3317d31226bab473c851dd6149ab\",\"name\":\"jmadunic\"}]}<\/script>\n<!-- \/ Yoast SEO plugin. -->","yoast_head_json":{"title":"Zagorka i njezini bestseleri - Sveu\u010dili\u0161na knji\u017enica u Splitu","description":"Po\u010detkom o\u017eujka obilje\u017eava se 150. godi\u0161njica ro\u0111enja naj\u010ditanije hrvatske autorice, iako je i ta \u010dinjenica to\u010dnog datuma ro\u0111enja jo\u0161 jedna od brojnih","robots":{"index":"index","follow":"follow","max-snippet":"max-snippet:-1","max-image-preview":"max-image-preview:large","max-video-preview":"max-video-preview:-1"},"canonical":"https:\/\/www.svkst.unist.hr\/index.php\/novosti\/zagorka-i-njezini-besteseleri\/","og_locale":"en_GB","og_type":"article","og_title":"Zagorka i njezini bestseleri - Sveu\u010dili\u0161na knji\u017enica u Splitu","og_description":"Po\u010detkom o\u017eujka obilje\u017eava se 150. godi\u0161njica ro\u0111enja naj\u010ditanije hrvatske autorice, iako je i ta \u010dinjenica to\u010dnog datuma ro\u0111enja jo\u0161 jedna od brojnih","og_url":"https:\/\/www.svkst.unist.hr\/index.php\/novosti\/zagorka-i-njezini-besteseleri\/","og_site_name":"Sveu\u010dili\u0161na knji\u017enica u Splitu","article_publisher":"https:\/\/www.facebook.com\/svkst.unist.hr\/","article_published_time":"2023-03-02T05:00:00+00:00","article_modified_time":"2023-03-16T07:32:30+00:00","og_image":[{"url":"https:\/\/www.svkst.unist.hr\/wp-content\/uploads\/2023\/03\/Nevina-u-ludnici.jpg"}],"twitter_card":"summary_large_image","twitter_misc":{"Written by":"jmadunic","Estimated reading time":"2 minutes"},"schema":{"@context":"https:\/\/schema.org","@graph":[{"@type":"Organization","@id":"https:\/\/www.svkst.unist.hr\/#organization","name":"Sveu\u010dili\u0161na knji\u017enica u Splitu","url":"https:\/\/www.svkst.unist.hr\/","sameAs":["https:\/\/www.facebook.com\/svkst.unist.hr\/"],"logo":{"@type":"ImageObject","@id":"https:\/\/www.svkst.unist.hr\/#logo","inLanguage":"en-GB","url":"https:\/\/i2.wp.com\/www.svkst.unist.hr\/wp-content\/uploads\/2018\/02\/sveucilisna_iskaznica_logo_tisak-1.png?fit=600%2C219&ssl=1","contentUrl":"https:\/\/i2.wp.com\/www.svkst.unist.hr\/wp-content\/uploads\/2018\/02\/sveucilisna_iskaznica_logo_tisak-1.png?fit=600%2C219&ssl=1","width":600,"height":219,"caption":"Sveu\u010dili\u0161na knji\u017enica u Splitu"},"image":{"@id":"https:\/\/www.svkst.unist.hr\/#logo"}},{"@type":"WebSite","@id":"https:\/\/www.svkst.unist.hr\/#website","url":"https:\/\/www.svkst.unist.hr\/","name":"Sveu\u010dili\u0161na knji\u017enica u Splitu","description":"","publisher":{"@id":"https:\/\/www.svkst.unist.hr\/#organization"},"potentialAction":[{"@type":"SearchAction","target":{"@type":"EntryPoint","urlTemplate":"https:\/\/www.svkst.unist.hr\/?s={search_term_string}"},"query-input":"required name=search_term_string"}],"inLanguage":"en-GB"},{"@type":"ImageObject","@id":"https:\/\/www.svkst.unist.hr\/index.php\/novosti\/zagorka-i-njezini-besteseleri\/#primaryimage","inLanguage":"en-GB","url":"https:\/\/www.svkst.unist.hr\/wp-content\/uploads\/2023\/03\/Nevina-u-ludnici.jpg","contentUrl":"https:\/\/www.svkst.unist.hr\/wp-content\/uploads\/2023\/03\/Nevina-u-ludnici.jpg","width":920,"height":573},{"@type":"WebPage","@id":"https:\/\/www.svkst.unist.hr\/index.php\/novosti\/zagorka-i-njezini-besteseleri\/#webpage","url":"https:\/\/www.svkst.unist.hr\/index.php\/novosti\/zagorka-i-njezini-besteseleri\/","name":"Zagorka i njezini bestseleri - Sveu\u010dili\u0161na knji\u017enica u Splitu","isPartOf":{"@id":"https:\/\/www.svkst.unist.hr\/#website"},"primaryImageOfPage":{"@id":"https:\/\/www.svkst.unist.hr\/index.php\/novosti\/zagorka-i-njezini-besteseleri\/#primaryimage"},"datePublished":"2023-03-02T05:00:00+00:00","dateModified":"2023-03-16T07:32:30+00:00","description":"Po\u010detkom o\u017eujka obilje\u017eava se 150. godi\u0161njica ro\u0111enja naj\u010ditanije hrvatske autorice, iako je i ta \u010dinjenica to\u010dnog datuma ro\u0111enja jo\u0161 jedna od brojnih","breadcrumb":{"@id":"https:\/\/www.svkst.unist.hr\/index.php\/novosti\/zagorka-i-njezini-besteseleri\/#breadcrumb"},"inLanguage":"en-GB","potentialAction":[{"@type":"ReadAction","target":["https:\/\/www.svkst.unist.hr\/index.php\/novosti\/zagorka-i-njezini-besteseleri\/"]}]},{"@type":"BreadcrumbList","@id":"https:\/\/www.svkst.unist.hr\/index.php\/novosti\/zagorka-i-njezini-besteseleri\/#breadcrumb","itemListElement":[{"@type":"ListItem","position":1,"name":"Home","item":"https:\/\/www.svkst.unist.hr\/"},{"@type":"ListItem","position":2,"name":"NOVOSTI","item":"https:\/\/www.svkst.unist.hr\/index.php\/category\/novosti\/"},{"@type":"ListItem","position":3,"name":"Zagorka i njezini bestseleri"}]},{"@type":"Article","@id":"https:\/\/www.svkst.unist.hr\/index.php\/novosti\/zagorka-i-njezini-besteseleri\/#article","isPartOf":{"@id":"https:\/\/www.svkst.unist.hr\/index.php\/novosti\/zagorka-i-njezini-besteseleri\/#webpage"},"author":{"@id":"https:\/\/www.svkst.unist.hr\/#\/schema\/person\/317a3317d31226bab473c851dd6149ab"},"headline":"Zagorka i njezini bestseleri","datePublished":"2023-03-02T05:00:00+00:00","dateModified":"2023-03-16T07:32:30+00:00","mainEntityOfPage":{"@id":"https:\/\/www.svkst.unist.hr\/index.php\/novosti\/zagorka-i-njezini-besteseleri\/#webpage"},"wordCount":253,"publisher":{"@id":"https:\/\/www.svkst.unist.hr\/#organization"},"image":{"@id":"https:\/\/www.svkst.unist.hr\/index.php\/novosti\/zagorka-i-njezini-besteseleri\/#primaryimage"},"thumbnailUrl":"https:\/\/www.svkst.unist.hr\/wp-content\/uploads\/2023\/03\/Nevina-u-ludnici.jpg","articleSection":["NOVOSTI"],"inLanguage":"en-GB"},{"@type":"Person","@id":"https:\/\/www.svkst.unist.hr\/#\/schema\/person\/317a3317d31226bab473c851dd6149ab","name":"jmadunic"}]}},"jetpack_featured_media_url":"","jetpack_shortlink":"https:\/\/wp.me\/pan9Re-3Ez","_links":{"self":[{"href":"https:\/\/www.svkst.unist.hr\/index.php\/wp-json\/wp\/v2\/posts\/14047"}],"collection":[{"href":"https:\/\/www.svkst.unist.hr\/index.php\/wp-json\/wp\/v2\/posts"}],"about":[{"href":"https:\/\/www.svkst.unist.hr\/index.php\/wp-json\/wp\/v2\/types\/post"}],"author":[{"embeddable":true,"href":"https:\/\/www.svkst.unist.hr\/index.php\/wp-json\/wp\/v2\/users\/14"}],"replies":[{"embeddable":true,"href":"https:\/\/www.svkst.unist.hr\/index.php\/wp-json\/wp\/v2\/comments?post=14047"}],"version-history":[{"count":5,"href":"https:\/\/www.svkst.unist.hr\/index.php\/wp-json\/wp\/v2\/posts\/14047\/revisions"}],"predecessor-version":[{"id":14305,"href":"https:\/\/www.svkst.unist.hr\/index.php\/wp-json\/wp\/v2\/posts\/14047\/revisions\/14305"}],"wp:attachment":[{"href":"https:\/\/www.svkst.unist.hr\/index.php\/wp-json\/wp\/v2\/media?parent=14047"}],"wp:term":[{"taxonomy":"category","embeddable":true,"href":"https:\/\/www.svkst.unist.hr\/index.php\/wp-json\/wp\/v2\/categories?post=14047"},{"taxonomy":"post_tag","embeddable":true,"href":"https:\/\/www.svkst.unist.hr\/index.php\/wp-json\/wp\/v2\/tags?post=14047"}],"curies":[{"name":"wp","href":"https:\/\/api.w.org\/{rel}","templated":true}]}}