{"id":13428,"date":"2022-09-23T10:44:45","date_gmt":"2022-09-23T08:44:45","guid":{"rendered":"https:\/\/www.svkst.unist.hr\/?p=13428"},"modified":"2023-02-28T11:50:47","modified_gmt":"2023-02-28T10:50:47","slug":"dar-prof-petar-jakelic-osz","status":"publish","type":"post","link":"https:\/\/www.svkst.unist.hr\/index.php\/novosti\/dar-prof-petar-jakelic-osz\/","title":{"rendered":"Dar profesora Petra Jakeli\u0107a"},"content":{"rendered":"\n<p class=\"has-text-align-justify\">Trezori <em>Odjela specijalnih zbirki<\/em> splitske Sveu\u010dili\u0161ne knji\u017enice nedavno su oboga\u0107eni s jo\u0161 tri umjetni\u010dka djela \u2013 dar splitskog akademskog slikara i grafi\u010dara, prof. emeritusa Petra Jakeli\u0107a.<\/p>\n\n\n\n<!--more-->\n\n\n\n<p class=\"has-text-align-justify\">Grafike, naslovljene <em>Jesen<\/em>, <em>\u0160koljkarica<\/em> i <em>Dalmatinka<\/em> nastale su u tehnikama suhe igle, mezotinte i kombinirano, u vremenu od 1968. do 1971. godine.<\/p>\n\n\n\n<p class=\"has-text-align-justify\">Zahvalni prof. Jakeli\u0107u na daru, ujedno \u010destitamo na predstavljanju njegove autobiografije koje \u0107e se odr\u017eati 25. rujna 2022. u sklopu programa sve\u010danog otvaranja <em><a href=\"https:\/\/www.knjizevni-krug.hr\/manifestacije\/manifestacija-1\/\" target=\"_blank\" rel=\"noreferrer noopener\">34. Knjige Mediterana<\/a><\/em>.<\/p>\n\n\n\n<div data-carousel-extra='{\"blog_id\":1,\"permalink\":\"https:\\\/\\\/www.svkst.unist.hr\\\/index.php\\\/novosti\\\/dar-prof-petar-jakelic-osz\\\/\"}' class=\"wp-block-jetpack-tiled-gallery aligncenter is-style-rectangular\"><div data-carousel-extra='{\"blog_id\":1,\"permalink\":\"https:\\\/\\\/www.svkst.unist.hr\\\/index.php\\\/novosti\\\/dar-prof-petar-jakelic-osz\\\/\"}' class=\"tiled-gallery__gallery\"><div data-carousel-extra='{\"blog_id\":1,\"permalink\":\"https:\\\/\\\/www.svkst.unist.hr\\\/index.php\\\/novosti\\\/dar-prof-petar-jakelic-osz\\\/\"}' class=\"tiled-gallery__row\"><div data-carousel-extra='{\"blog_id\":1,\"permalink\":\"https:\\\/\\\/www.svkst.unist.hr\\\/index.php\\\/novosti\\\/dar-prof-petar-jakelic-osz\\\/\"}' class=\"tiled-gallery__col\" style=\"flex-basis:20.57152%\"><figure class=\"tiled-gallery__item\"><img data-attachment-id=\"13432\" data-permalink=\"https:\/\/www.svkst.unist.hr\/index.php\/novosti\/dar-prof-petar-jakelic-osz\/attachment\/jakelic-grafike-1\/\" data-orig-file=\"https:\/\/www.svkst.unist.hr\/wp-content\/uploads\/2022\/09\/Jakelic-grafike-1.jpg\" data-orig-size=\"1876,2500\" data-comments-opened=\"0\" data-image-meta=\"{&quot;aperture&quot;:&quot;0&quot;,&quot;credit&quot;:&quot;&quot;,&quot;camera&quot;:&quot;&quot;,&quot;caption&quot;:&quot;&quot;,&quot;created_timestamp&quot;:&quot;0&quot;,&quot;copyright&quot;:&quot;&quot;,&quot;focal_length&quot;:&quot;0&quot;,&quot;iso&quot;:&quot;0&quot;,&quot;shutter_speed&quot;:&quot;0&quot;,&quot;title&quot;:&quot;&quot;,&quot;orientation&quot;:&quot;0&quot;}\" data-image-title=\"Jakelic-grafike-1\" data-image-description=\"\" data-image-caption=\"\" data-medium-file=\"https:\/\/www.svkst.unist.hr\/wp-content\/uploads\/2022\/09\/Jakelic-grafike-1-225x300.jpg\" data-large-file=\"https:\/\/www.svkst.unist.hr\/wp-content\/uploads\/2022\/09\/Jakelic-grafike-1-768x1024.jpg\" data-attachment-id=\"13432\" data-permalink=\"https:\/\/www.svkst.unist.hr\/index.php\/novosti\/dar-prof-petar-jakelic-osz\/attachment\/jakelic-grafike-1\/\" data-orig-file=\"https:\/\/www.svkst.unist.hr\/wp-content\/uploads\/2022\/09\/Jakelic-grafike-1.jpg\" data-orig-size=\"1876,2500\" data-comments-opened=\"0\" data-image-meta=\"{&quot;aperture&quot;:&quot;0&quot;,&quot;credit&quot;:&quot;&quot;,&quot;camera&quot;:&quot;&quot;,&quot;caption&quot;:&quot;&quot;,&quot;created_timestamp&quot;:&quot;0&quot;,&quot;copyright&quot;:&quot;&quot;,&quot;focal_length&quot;:&quot;0&quot;,&quot;iso&quot;:&quot;0&quot;,&quot;shutter_speed&quot;:&quot;0&quot;,&quot;title&quot;:&quot;&quot;,&quot;orientation&quot;:&quot;0&quot;}\" data-image-title=\"Jakelic-grafike-1\" data-image-description=\"\" data-image-caption=\"\" data-medium-file=\"https:\/\/www.svkst.unist.hr\/wp-content\/uploads\/2022\/09\/Jakelic-grafike-1-225x300.jpg\" data-large-file=\"https:\/\/www.svkst.unist.hr\/wp-content\/uploads\/2022\/09\/Jakelic-grafike-1-768x1024.jpg\" srcset=\"https:\/\/i2.wp.com\/www.svkst.unist.hr\/wp-content\/uploads\/2022\/09\/Jakelic-grafike-1-768x1024.jpg?strip=info&#038;w=600&#038;ssl=1 600w,https:\/\/i2.wp.com\/www.svkst.unist.hr\/wp-content\/uploads\/2022\/09\/Jakelic-grafike-1-768x1024.jpg?strip=info&#038;w=900&#038;ssl=1 900w,https:\/\/i2.wp.com\/www.svkst.unist.hr\/wp-content\/uploads\/2022\/09\/Jakelic-grafike-1-768x1024.jpg?strip=info&#038;w=1200&#038;ssl=1 1200w,https:\/\/i2.wp.com\/www.svkst.unist.hr\/wp-content\/uploads\/2022\/09\/Jakelic-grafike-1-768x1024.jpg?strip=info&#038;w=1500&#038;ssl=1 1500w,https:\/\/i2.wp.com\/www.svkst.unist.hr\/wp-content\/uploads\/2022\/09\/Jakelic-grafike-1-768x1024.jpg?strip=info&#038;w=1800&#038;ssl=1 1800w,https:\/\/i2.wp.com\/www.svkst.unist.hr\/wp-content\/uploads\/2022\/09\/Jakelic-grafike-1-768x1024.jpg?strip=info&#038;w=1876&#038;ssl=1 1876w\" alt=\"\" data-height=\"2500\" data-id=\"13432\" data-link=\"https:\/\/www.svkst.unist.hr\/?attachment_id=13432\" data-url=\"https:\/\/www.svkst.unist.hr\/wp-content\/uploads\/2022\/09\/Jakelic-grafike-1-768x1024.jpg\" data-width=\"1876\" src=\"https:\/\/i2.wp.com\/www.svkst.unist.hr\/wp-content\/uploads\/2022\/09\/Jakelic-grafike-1-768x1024.jpg?ssl=1\" data-amp-layout=\"responsive\"\/><\/figure><\/div><div data-carousel-extra='{\"blog_id\":1,\"permalink\":\"https:\\\/\\\/www.svkst.unist.hr\\\/index.php\\\/novosti\\\/dar-prof-petar-jakelic-osz\\\/\"}' class=\"tiled-gallery__col\" style=\"flex-basis:20.53880%\"><figure class=\"tiled-gallery__item\"><img data-attachment-id=\"13430\" data-permalink=\"https:\/\/www.svkst.unist.hr\/index.php\/novosti\/dar-prof-petar-jakelic-osz\/attachment\/jakelic-grafike-3\/\" data-orig-file=\"https:\/\/www.svkst.unist.hr\/wp-content\/uploads\/2022\/09\/Jakelic-grafike-3.jpg\" data-orig-size=\"1873,2500\" data-comments-opened=\"0\" data-image-meta=\"{&quot;aperture&quot;:&quot;0&quot;,&quot;credit&quot;:&quot;&quot;,&quot;camera&quot;:&quot;&quot;,&quot;caption&quot;:&quot;&quot;,&quot;created_timestamp&quot;:&quot;0&quot;,&quot;copyright&quot;:&quot;&quot;,&quot;focal_length&quot;:&quot;0&quot;,&quot;iso&quot;:&quot;0&quot;,&quot;shutter_speed&quot;:&quot;0&quot;,&quot;title&quot;:&quot;&quot;,&quot;orientation&quot;:&quot;0&quot;}\" data-image-title=\"Jakelic-grafike-3\" data-image-description=\"\" data-image-caption=\"\" data-medium-file=\"https:\/\/www.svkst.unist.hr\/wp-content\/uploads\/2022\/09\/Jakelic-grafike-3-225x300.jpg\" data-large-file=\"https:\/\/www.svkst.unist.hr\/wp-content\/uploads\/2022\/09\/Jakelic-grafike-3-767x1024.jpg\" data-attachment-id=\"13430\" data-permalink=\"https:\/\/www.svkst.unist.hr\/index.php\/novosti\/dar-prof-petar-jakelic-osz\/attachment\/jakelic-grafike-3\/\" data-orig-file=\"https:\/\/www.svkst.unist.hr\/wp-content\/uploads\/2022\/09\/Jakelic-grafike-3.jpg\" data-orig-size=\"1873,2500\" data-comments-opened=\"0\" data-image-meta=\"{&quot;aperture&quot;:&quot;0&quot;,&quot;credit&quot;:&quot;&quot;,&quot;camera&quot;:&quot;&quot;,&quot;caption&quot;:&quot;&quot;,&quot;created_timestamp&quot;:&quot;0&quot;,&quot;copyright&quot;:&quot;&quot;,&quot;focal_length&quot;:&quot;0&quot;,&quot;iso&quot;:&quot;0&quot;,&quot;shutter_speed&quot;:&quot;0&quot;,&quot;title&quot;:&quot;&quot;,&quot;orientation&quot;:&quot;0&quot;}\" data-image-title=\"Jakelic-grafike-3\" data-image-description=\"\" data-image-caption=\"\" data-medium-file=\"https:\/\/www.svkst.unist.hr\/wp-content\/uploads\/2022\/09\/Jakelic-grafike-3-225x300.jpg\" data-large-file=\"https:\/\/www.svkst.unist.hr\/wp-content\/uploads\/2022\/09\/Jakelic-grafike-3-767x1024.jpg\" srcset=\"https:\/\/i1.wp.com\/www.svkst.unist.hr\/wp-content\/uploads\/2022\/09\/Jakelic-grafike-3-767x1024.jpg?strip=info&#038;w=600&#038;ssl=1 600w,https:\/\/i1.wp.com\/www.svkst.unist.hr\/wp-content\/uploads\/2022\/09\/Jakelic-grafike-3-767x1024.jpg?strip=info&#038;w=900&#038;ssl=1 900w,https:\/\/i1.wp.com\/www.svkst.unist.hr\/wp-content\/uploads\/2022\/09\/Jakelic-grafike-3-767x1024.jpg?strip=info&#038;w=1200&#038;ssl=1 1200w,https:\/\/i1.wp.com\/www.svkst.unist.hr\/wp-content\/uploads\/2022\/09\/Jakelic-grafike-3-767x1024.jpg?strip=info&#038;w=1500&#038;ssl=1 1500w,https:\/\/i1.wp.com\/www.svkst.unist.hr\/wp-content\/uploads\/2022\/09\/Jakelic-grafike-3-767x1024.jpg?strip=info&#038;w=1800&#038;ssl=1 1800w,https:\/\/i1.wp.com\/www.svkst.unist.hr\/wp-content\/uploads\/2022\/09\/Jakelic-grafike-3-767x1024.jpg?strip=info&#038;w=1873&#038;ssl=1 1873w\" alt=\"\" data-height=\"2500\" data-id=\"13430\" data-link=\"https:\/\/www.svkst.unist.hr\/?attachment_id=13430\" data-url=\"https:\/\/www.svkst.unist.hr\/wp-content\/uploads\/2022\/09\/Jakelic-grafike-3-767x1024.jpg\" data-width=\"1873\" src=\"https:\/\/i1.wp.com\/www.svkst.unist.hr\/wp-content\/uploads\/2022\/09\/Jakelic-grafike-3-767x1024.jpg?ssl=1\" data-amp-layout=\"responsive\"\/><\/figure><\/div><div data-carousel-extra='{\"blog_id\":1,\"permalink\":\"https:\\\/\\\/www.svkst.unist.hr\\\/index.php\\\/novosti\\\/dar-prof-petar-jakelic-osz\\\/\"}' class=\"tiled-gallery__col\" style=\"flex-basis:20.34249%\"><figure class=\"tiled-gallery__item\"><img data-attachment-id=\"13431\" data-permalink=\"https:\/\/www.svkst.unist.hr\/index.php\/novosti\/dar-prof-petar-jakelic-osz\/attachment\/jakelic-grafike-2\/\" data-orig-file=\"https:\/\/www.svkst.unist.hr\/wp-content\/uploads\/2022\/09\/Jakelic-grafike-2.jpg\" data-orig-size=\"1855,2500\" data-comments-opened=\"0\" data-image-meta=\"{&quot;aperture&quot;:&quot;0&quot;,&quot;credit&quot;:&quot;&quot;,&quot;camera&quot;:&quot;&quot;,&quot;caption&quot;:&quot;&quot;,&quot;created_timestamp&quot;:&quot;0&quot;,&quot;copyright&quot;:&quot;&quot;,&quot;focal_length&quot;:&quot;0&quot;,&quot;iso&quot;:&quot;0&quot;,&quot;shutter_speed&quot;:&quot;0&quot;,&quot;title&quot;:&quot;&quot;,&quot;orientation&quot;:&quot;0&quot;}\" data-image-title=\"Jakelic-grafike-2\" data-image-description=\"\" data-image-caption=\"\" data-medium-file=\"https:\/\/www.svkst.unist.hr\/wp-content\/uploads\/2022\/09\/Jakelic-grafike-2-223x300.jpg\" data-large-file=\"https:\/\/www.svkst.unist.hr\/wp-content\/uploads\/2022\/09\/Jakelic-grafike-2-760x1024.jpg\" data-attachment-id=\"13431\" data-permalink=\"https:\/\/www.svkst.unist.hr\/index.php\/novosti\/dar-prof-petar-jakelic-osz\/attachment\/jakelic-grafike-2\/\" data-orig-file=\"https:\/\/www.svkst.unist.hr\/wp-content\/uploads\/2022\/09\/Jakelic-grafike-2.jpg\" data-orig-size=\"1855,2500\" data-comments-opened=\"0\" data-image-meta=\"{&quot;aperture&quot;:&quot;0&quot;,&quot;credit&quot;:&quot;&quot;,&quot;camera&quot;:&quot;&quot;,&quot;caption&quot;:&quot;&quot;,&quot;created_timestamp&quot;:&quot;0&quot;,&quot;copyright&quot;:&quot;&quot;,&quot;focal_length&quot;:&quot;0&quot;,&quot;iso&quot;:&quot;0&quot;,&quot;shutter_speed&quot;:&quot;0&quot;,&quot;title&quot;:&quot;&quot;,&quot;orientation&quot;:&quot;0&quot;}\" data-image-title=\"Jakelic-grafike-2\" data-image-description=\"\" data-image-caption=\"\" data-medium-file=\"https:\/\/www.svkst.unist.hr\/wp-content\/uploads\/2022\/09\/Jakelic-grafike-2-223x300.jpg\" data-large-file=\"https:\/\/www.svkst.unist.hr\/wp-content\/uploads\/2022\/09\/Jakelic-grafike-2-760x1024.jpg\" srcset=\"https:\/\/i1.wp.com\/www.svkst.unist.hr\/wp-content\/uploads\/2022\/09\/Jakelic-grafike-2-760x1024.jpg?strip=info&#038;w=600&#038;ssl=1 600w,https:\/\/i1.wp.com\/www.svkst.unist.hr\/wp-content\/uploads\/2022\/09\/Jakelic-grafike-2-760x1024.jpg?strip=info&#038;w=900&#038;ssl=1 900w,https:\/\/i1.wp.com\/www.svkst.unist.hr\/wp-content\/uploads\/2022\/09\/Jakelic-grafike-2-760x1024.jpg?strip=info&#038;w=1200&#038;ssl=1 1200w,https:\/\/i1.wp.com\/www.svkst.unist.hr\/wp-content\/uploads\/2022\/09\/Jakelic-grafike-2-760x1024.jpg?strip=info&#038;w=1500&#038;ssl=1 1500w,https:\/\/i1.wp.com\/www.svkst.unist.hr\/wp-content\/uploads\/2022\/09\/Jakelic-grafike-2-760x1024.jpg?strip=info&#038;w=1800&#038;ssl=1 1800w,https:\/\/i1.wp.com\/www.svkst.unist.hr\/wp-content\/uploads\/2022\/09\/Jakelic-grafike-2-760x1024.jpg?strip=info&#038;w=1855&#038;ssl=1 1855w\" alt=\"\" data-height=\"2500\" data-id=\"13431\" data-link=\"https:\/\/www.svkst.unist.hr\/?attachment_id=13431\" data-url=\"https:\/\/www.svkst.unist.hr\/wp-content\/uploads\/2022\/09\/Jakelic-grafike-2-760x1024.jpg\" data-width=\"1855\" src=\"https:\/\/i1.wp.com\/www.svkst.unist.hr\/wp-content\/uploads\/2022\/09\/Jakelic-grafike-2-760x1024.jpg?ssl=1\" data-amp-layout=\"responsive\"\/><\/figure><\/div><div data-carousel-extra='{\"blog_id\":1,\"permalink\":\"https:\\\/\\\/www.svkst.unist.hr\\\/index.php\\\/novosti\\\/dar-prof-petar-jakelic-osz\\\/\"}' class=\"tiled-gallery__col\" style=\"flex-basis:38.54719%\"><figure class=\"tiled-gallery__item\"><img data-attachment-id=\"13429\" data-permalink=\"https:\/\/www.svkst.unist.hr\/index.php\/novosti\/dar-prof-petar-jakelic-osz\/attachment\/pozivnica-hazu-zavod-hazu-trg-brace-radica-7-3\/\" data-orig-file=\"https:\/\/www.svkst.unist.hr\/wp-content\/uploads\/2022\/09\/pozivnica-Hazu.-Zavod-HAZU-Trg-brace-Radica-7-3.png\" data-orig-size=\"1748,1240\" data-comments-opened=\"0\" data-image-meta=\"{&quot;aperture&quot;:&quot;0&quot;,&quot;credit&quot;:&quot;&quot;,&quot;camera&quot;:&quot;&quot;,&quot;caption&quot;:&quot;&quot;,&quot;created_timestamp&quot;:&quot;0&quot;,&quot;copyright&quot;:&quot;&quot;,&quot;focal_length&quot;:&quot;0&quot;,&quot;iso&quot;:&quot;0&quot;,&quot;shutter_speed&quot;:&quot;0&quot;,&quot;title&quot;:&quot;&quot;,&quot;orientation&quot;:&quot;0&quot;}\" data-image-title=\"pozivnica-Hazu.-Zavod-HAZU-Trg-brace-Radica-7-3\" data-image-description=\"\" data-image-caption=\"\" data-medium-file=\"https:\/\/www.svkst.unist.hr\/wp-content\/uploads\/2022\/09\/pozivnica-Hazu.-Zavod-HAZU-Trg-brace-Radica-7-3-300x213.png\" data-large-file=\"https:\/\/www.svkst.unist.hr\/wp-content\/uploads\/2022\/09\/pozivnica-Hazu.-Zavod-HAZU-Trg-brace-Radica-7-3-1024x726.png\" data-attachment-id=\"13429\" data-permalink=\"https:\/\/www.svkst.unist.hr\/index.php\/novosti\/dar-prof-petar-jakelic-osz\/attachment\/pozivnica-hazu-zavod-hazu-trg-brace-radica-7-3\/\" data-orig-file=\"https:\/\/www.svkst.unist.hr\/wp-content\/uploads\/2022\/09\/pozivnica-Hazu.-Zavod-HAZU-Trg-brace-Radica-7-3.png\" data-orig-size=\"1748,1240\" data-comments-opened=\"0\" data-image-meta=\"{&quot;aperture&quot;:&quot;0&quot;,&quot;credit&quot;:&quot;&quot;,&quot;camera&quot;:&quot;&quot;,&quot;caption&quot;:&quot;&quot;,&quot;created_timestamp&quot;:&quot;0&quot;,&quot;copyright&quot;:&quot;&quot;,&quot;focal_length&quot;:&quot;0&quot;,&quot;iso&quot;:&quot;0&quot;,&quot;shutter_speed&quot;:&quot;0&quot;,&quot;title&quot;:&quot;&quot;,&quot;orientation&quot;:&quot;0&quot;}\" data-image-title=\"pozivnica-Hazu.-Zavod-HAZU-Trg-brace-Radica-7-3\" data-image-description=\"\" data-image-caption=\"\" data-medium-file=\"https:\/\/www.svkst.unist.hr\/wp-content\/uploads\/2022\/09\/pozivnica-Hazu.-Zavod-HAZU-Trg-brace-Radica-7-3-300x213.png\" data-large-file=\"https:\/\/www.svkst.unist.hr\/wp-content\/uploads\/2022\/09\/pozivnica-Hazu.-Zavod-HAZU-Trg-brace-Radica-7-3-1024x726.png\" srcset=\"https:\/\/i1.wp.com\/www.svkst.unist.hr\/wp-content\/uploads\/2022\/09\/pozivnica-Hazu.-Zavod-HAZU-Trg-brace-Radica-7-3-1024x726.png?strip=info&#038;w=600&#038;ssl=1 600w,https:\/\/i1.wp.com\/www.svkst.unist.hr\/wp-content\/uploads\/2022\/09\/pozivnica-Hazu.-Zavod-HAZU-Trg-brace-Radica-7-3-1024x726.png?strip=info&#038;w=900&#038;ssl=1 900w,https:\/\/i1.wp.com\/www.svkst.unist.hr\/wp-content\/uploads\/2022\/09\/pozivnica-Hazu.-Zavod-HAZU-Trg-brace-Radica-7-3-1024x726.png?strip=info&#038;w=1200&#038;ssl=1 1200w,https:\/\/i1.wp.com\/www.svkst.unist.hr\/wp-content\/uploads\/2022\/09\/pozivnica-Hazu.-Zavod-HAZU-Trg-brace-Radica-7-3-1024x726.png?strip=info&#038;w=1500&#038;ssl=1 1500w,https:\/\/i1.wp.com\/www.svkst.unist.hr\/wp-content\/uploads\/2022\/09\/pozivnica-Hazu.-Zavod-HAZU-Trg-brace-Radica-7-3-1024x726.png?strip=info&#038;w=1748&#038;ssl=1 1748w\" alt=\"\" data-height=\"1240\" data-id=\"13429\" data-link=\"https:\/\/www.svkst.unist.hr\/?attachment_id=13429\" data-url=\"https:\/\/www.svkst.unist.hr\/wp-content\/uploads\/2022\/09\/pozivnica-Hazu.-Zavod-HAZU-Trg-brace-Radica-7-3-1024x726.png\" data-width=\"1748\" src=\"https:\/\/i1.wp.com\/www.svkst.unist.hr\/wp-content\/uploads\/2022\/09\/pozivnica-Hazu.-Zavod-HAZU-Trg-brace-Radica-7-3-1024x726.png?ssl=1\" data-amp-layout=\"responsive\"\/><\/figure><\/div><\/div><\/div><\/div>\n","protected":false},"excerpt":{"rendered":"<p>Trezori Odjela specijalnih zbirki splitske Sveu\u010dili\u0161ne knji\u017enice nedavno su oboga\u0107eni s jo\u0161 tri umjetni\u010dka djela \u2013 dar splitskog akademskog slikara i grafi\u010dara, prof. emeritusa Petra Jakeli\u0107a.<\/p>\n","protected":false},"author":5,"featured_media":0,"comment_status":"closed","ping_status":"closed","sticky":false,"template":"","format":"standard","meta":{"spay_email":""},"categories":[49,105],"tags":[],"acf":[],"yoast_head":"<!-- This site is optimized with the Yoast SEO plugin v17.8 - https:\/\/yoast.com\/wordpress\/plugins\/seo\/ -->\n<title>Dar profesora Petra Jakeli\u0107a - Sveu\u010dili\u0161na knji\u017enica u Splitu<\/title>\n<meta name=\"description\" content=\"Trezori Odjela specijalnih zbirki splitske Sveu\u010dili\u0161ne knji\u017enice nedavno su oboga\u0107eni s jo\u0161 tri umjetni\u010dka djela \u2013 dar splitskog akademskog slikara i\" \/>\n<meta name=\"robots\" content=\"index, follow, max-snippet:-1, max-image-preview:large, max-video-preview:-1\" \/>\n<link rel=\"canonical\" href=\"https:\/\/www.svkst.unist.hr\/index.php\/novosti\/dar-prof-petar-jakelic-osz\/\" \/>\n<meta property=\"og:locale\" content=\"en_GB\" \/>\n<meta property=\"og:type\" content=\"article\" \/>\n<meta property=\"og:title\" content=\"Dar profesora Petra Jakeli\u0107a - Sveu\u010dili\u0161na knji\u017enica u Splitu\" \/>\n<meta property=\"og:description\" content=\"Trezori Odjela specijalnih zbirki splitske Sveu\u010dili\u0161ne knji\u017enice nedavno su oboga\u0107eni s jo\u0161 tri umjetni\u010dka djela \u2013 dar splitskog akademskog slikara i\" \/>\n<meta property=\"og:url\" content=\"https:\/\/www.svkst.unist.hr\/index.php\/novosti\/dar-prof-petar-jakelic-osz\/\" \/>\n<meta property=\"og:site_name\" content=\"Sveu\u010dili\u0161na knji\u017enica u Splitu\" \/>\n<meta property=\"article:publisher\" content=\"https:\/\/www.facebook.com\/svkst.unist.hr\/\" \/>\n<meta property=\"article:published_time\" content=\"2022-09-23T08:44:45+00:00\" \/>\n<meta property=\"article:modified_time\" content=\"2023-02-28T10:50:47+00:00\" \/>\n<meta property=\"og:image\" content=\"https:\/\/i2.wp.com\/www.svkst.unist.hr\/wp-content\/uploads\/2022\/09\/Jakelic-grafike-1-768x1024.jpg?ssl=1\" \/>\n<meta name=\"twitter:card\" content=\"summary_large_image\" \/>\n<meta name=\"twitter:label1\" content=\"Written by\" \/>\n\t<meta name=\"twitter:data1\" content=\"Ljiljana\" \/>\n\t<meta name=\"twitter:label2\" content=\"Estimated reading time\" \/>\n\t<meta name=\"twitter:data2\" content=\"2 minutes\" \/>\n<script type=\"application\/ld+json\" class=\"yoast-schema-graph\">{\"@context\":\"https:\/\/schema.org\",\"@graph\":[{\"@type\":\"Organization\",\"@id\":\"https:\/\/www.svkst.unist.hr\/#organization\",\"name\":\"Sveu\\u010dili\\u0161na knji\\u017enica u Splitu\",\"url\":\"https:\/\/www.svkst.unist.hr\/\",\"sameAs\":[\"https:\/\/www.facebook.com\/svkst.unist.hr\/\"],\"logo\":{\"@type\":\"ImageObject\",\"@id\":\"https:\/\/www.svkst.unist.hr\/#logo\",\"inLanguage\":\"en-GB\",\"url\":\"https:\/\/i2.wp.com\/www.svkst.unist.hr\/wp-content\/uploads\/2018\/02\/sveucilisna_iskaznica_logo_tisak-1.png?fit=600%2C219&ssl=1\",\"contentUrl\":\"https:\/\/i2.wp.com\/www.svkst.unist.hr\/wp-content\/uploads\/2018\/02\/sveucilisna_iskaznica_logo_tisak-1.png?fit=600%2C219&ssl=1\",\"width\":600,\"height\":219,\"caption\":\"Sveu\\u010dili\\u0161na knji\\u017enica u Splitu\"},\"image\":{\"@id\":\"https:\/\/www.svkst.unist.hr\/#logo\"}},{\"@type\":\"WebSite\",\"@id\":\"https:\/\/www.svkst.unist.hr\/#website\",\"url\":\"https:\/\/www.svkst.unist.hr\/\",\"name\":\"Sveu\\u010dili\\u0161na knji\\u017enica u Splitu\",\"description\":\"\",\"publisher\":{\"@id\":\"https:\/\/www.svkst.unist.hr\/#organization\"},\"potentialAction\":[{\"@type\":\"SearchAction\",\"target\":{\"@type\":\"EntryPoint\",\"urlTemplate\":\"https:\/\/www.svkst.unist.hr\/?s={search_term_string}\"},\"query-input\":\"required name=search_term_string\"}],\"inLanguage\":\"en-GB\"},{\"@type\":\"ImageObject\",\"@id\":\"https:\/\/www.svkst.unist.hr\/index.php\/novosti\/dar-prof-petar-jakelic-osz\/#primaryimage\",\"inLanguage\":\"en-GB\",\"url\":\"https:\/\/i2.wp.com\/www.svkst.unist.hr\/wp-content\/uploads\/2022\/09\/Jakelic-grafike-1-768x1024.jpg?ssl=1\",\"contentUrl\":\"https:\/\/i2.wp.com\/www.svkst.unist.hr\/wp-content\/uploads\/2022\/09\/Jakelic-grafike-1-768x1024.jpg?ssl=1\"},{\"@type\":\"WebPage\",\"@id\":\"https:\/\/www.svkst.unist.hr\/index.php\/novosti\/dar-prof-petar-jakelic-osz\/#webpage\",\"url\":\"https:\/\/www.svkst.unist.hr\/index.php\/novosti\/dar-prof-petar-jakelic-osz\/\",\"name\":\"Dar profesora Petra Jakeli\\u0107a - Sveu\\u010dili\\u0161na knji\\u017enica u Splitu\",\"isPartOf\":{\"@id\":\"https:\/\/www.svkst.unist.hr\/#website\"},\"primaryImageOfPage\":{\"@id\":\"https:\/\/www.svkst.unist.hr\/index.php\/novosti\/dar-prof-petar-jakelic-osz\/#primaryimage\"},\"datePublished\":\"2022-09-23T08:44:45+00:00\",\"dateModified\":\"2023-02-28T10:50:47+00:00\",\"description\":\"Trezori Odjela specijalnih zbirki splitske Sveu\\u010dili\\u0161ne knji\\u017enice nedavno su oboga\\u0107eni s jo\\u0161 tri umjetni\\u010dka djela \\u2013 dar splitskog akademskog slikara i\",\"breadcrumb\":{\"@id\":\"https:\/\/www.svkst.unist.hr\/index.php\/novosti\/dar-prof-petar-jakelic-osz\/#breadcrumb\"},\"inLanguage\":\"en-GB\",\"potentialAction\":[{\"@type\":\"ReadAction\",\"target\":[\"https:\/\/www.svkst.unist.hr\/index.php\/novosti\/dar-prof-petar-jakelic-osz\/\"]}]},{\"@type\":\"BreadcrumbList\",\"@id\":\"https:\/\/www.svkst.unist.hr\/index.php\/novosti\/dar-prof-petar-jakelic-osz\/#breadcrumb\",\"itemListElement\":[{\"@type\":\"ListItem\",\"position\":1,\"name\":\"Home\",\"item\":\"https:\/\/www.svkst.unist.hr\/\"},{\"@type\":\"ListItem\",\"position\":2,\"name\":\"NOVOSTI\",\"item\":\"https:\/\/www.svkst.unist.hr\/index.php\/category\/novosti\/\"},{\"@type\":\"ListItem\",\"position\":3,\"name\":\"Dar profesora Petra Jakeli\\u0107a\"}]},{\"@type\":\"Article\",\"@id\":\"https:\/\/www.svkst.unist.hr\/index.php\/novosti\/dar-prof-petar-jakelic-osz\/#article\",\"isPartOf\":{\"@id\":\"https:\/\/www.svkst.unist.hr\/index.php\/novosti\/dar-prof-petar-jakelic-osz\/#webpage\"},\"author\":{\"@id\":\"https:\/\/www.svkst.unist.hr\/#\/schema\/person\/6ed3dafcc02db1ac9e1e93a53dd5c986\"},\"headline\":\"Dar profesora Petra Jakeli\\u0107a\",\"datePublished\":\"2022-09-23T08:44:45+00:00\",\"dateModified\":\"2023-02-28T10:50:47+00:00\",\"mainEntityOfPage\":{\"@id\":\"https:\/\/www.svkst.unist.hr\/index.php\/novosti\/dar-prof-petar-jakelic-osz\/#webpage\"},\"wordCount\":83,\"publisher\":{\"@id\":\"https:\/\/www.svkst.unist.hr\/#organization\"},\"image\":{\"@id\":\"https:\/\/www.svkst.unist.hr\/index.php\/novosti\/dar-prof-petar-jakelic-osz\/#primaryimage\"},\"thumbnailUrl\":\"https:\/\/i2.wp.com\/www.svkst.unist.hr\/wp-content\/uploads\/2022\/09\/Jakelic-grafike-1-768x1024.jpg?ssl=1\",\"articleSection\":[\"NOVOSTI\",\"Odr\\u017eivi gradovi i zajednice (SDG 11)\"],\"inLanguage\":\"en-GB\"},{\"@type\":\"Person\",\"@id\":\"https:\/\/www.svkst.unist.hr\/#\/schema\/person\/6ed3dafcc02db1ac9e1e93a53dd5c986\",\"name\":\"Ljiljana\"}]}<\/script>\n<!-- \/ Yoast SEO plugin. -->","yoast_head_json":{"title":"Dar profesora Petra Jakeli\u0107a - Sveu\u010dili\u0161na knji\u017enica u Splitu","description":"Trezori Odjela specijalnih zbirki splitske Sveu\u010dili\u0161ne knji\u017enice nedavno su oboga\u0107eni s jo\u0161 tri umjetni\u010dka djela \u2013 dar splitskog akademskog slikara i","robots":{"index":"index","follow":"follow","max-snippet":"max-snippet:-1","max-image-preview":"max-image-preview:large","max-video-preview":"max-video-preview:-1"},"canonical":"https:\/\/www.svkst.unist.hr\/index.php\/novosti\/dar-prof-petar-jakelic-osz\/","og_locale":"en_GB","og_type":"article","og_title":"Dar profesora Petra Jakeli\u0107a - Sveu\u010dili\u0161na knji\u017enica u Splitu","og_description":"Trezori Odjela specijalnih zbirki splitske Sveu\u010dili\u0161ne knji\u017enice nedavno su oboga\u0107eni s jo\u0161 tri umjetni\u010dka djela \u2013 dar splitskog akademskog slikara i","og_url":"https:\/\/www.svkst.unist.hr\/index.php\/novosti\/dar-prof-petar-jakelic-osz\/","og_site_name":"Sveu\u010dili\u0161na knji\u017enica u Splitu","article_publisher":"https:\/\/www.facebook.com\/svkst.unist.hr\/","article_published_time":"2022-09-23T08:44:45+00:00","article_modified_time":"2023-02-28T10:50:47+00:00","og_image":[{"url":"https:\/\/i2.wp.com\/www.svkst.unist.hr\/wp-content\/uploads\/2022\/09\/Jakelic-grafike-1-768x1024.jpg?ssl=1"}],"twitter_card":"summary_large_image","twitter_misc":{"Written by":"Ljiljana","Estimated reading time":"2 minutes"},"schema":{"@context":"https:\/\/schema.org","@graph":[{"@type":"Organization","@id":"https:\/\/www.svkst.unist.hr\/#organization","name":"Sveu\u010dili\u0161na knji\u017enica u Splitu","url":"https:\/\/www.svkst.unist.hr\/","sameAs":["https:\/\/www.facebook.com\/svkst.unist.hr\/"],"logo":{"@type":"ImageObject","@id":"https:\/\/www.svkst.unist.hr\/#logo","inLanguage":"en-GB","url":"https:\/\/i2.wp.com\/www.svkst.unist.hr\/wp-content\/uploads\/2018\/02\/sveucilisna_iskaznica_logo_tisak-1.png?fit=600%2C219&ssl=1","contentUrl":"https:\/\/i2.wp.com\/www.svkst.unist.hr\/wp-content\/uploads\/2018\/02\/sveucilisna_iskaznica_logo_tisak-1.png?fit=600%2C219&ssl=1","width":600,"height":219,"caption":"Sveu\u010dili\u0161na knji\u017enica u Splitu"},"image":{"@id":"https:\/\/www.svkst.unist.hr\/#logo"}},{"@type":"WebSite","@id":"https:\/\/www.svkst.unist.hr\/#website","url":"https:\/\/www.svkst.unist.hr\/","name":"Sveu\u010dili\u0161na knji\u017enica u Splitu","description":"","publisher":{"@id":"https:\/\/www.svkst.unist.hr\/#organization"},"potentialAction":[{"@type":"SearchAction","target":{"@type":"EntryPoint","urlTemplate":"https:\/\/www.svkst.unist.hr\/?s={search_term_string}"},"query-input":"required name=search_term_string"}],"inLanguage":"en-GB"},{"@type":"ImageObject","@id":"https:\/\/www.svkst.unist.hr\/index.php\/novosti\/dar-prof-petar-jakelic-osz\/#primaryimage","inLanguage":"en-GB","url":"https:\/\/i2.wp.com\/www.svkst.unist.hr\/wp-content\/uploads\/2022\/09\/Jakelic-grafike-1-768x1024.jpg?ssl=1","contentUrl":"https:\/\/i2.wp.com\/www.svkst.unist.hr\/wp-content\/uploads\/2022\/09\/Jakelic-grafike-1-768x1024.jpg?ssl=1"},{"@type":"WebPage","@id":"https:\/\/www.svkst.unist.hr\/index.php\/novosti\/dar-prof-petar-jakelic-osz\/#webpage","url":"https:\/\/www.svkst.unist.hr\/index.php\/novosti\/dar-prof-petar-jakelic-osz\/","name":"Dar profesora Petra Jakeli\u0107a - Sveu\u010dili\u0161na knji\u017enica u Splitu","isPartOf":{"@id":"https:\/\/www.svkst.unist.hr\/#website"},"primaryImageOfPage":{"@id":"https:\/\/www.svkst.unist.hr\/index.php\/novosti\/dar-prof-petar-jakelic-osz\/#primaryimage"},"datePublished":"2022-09-23T08:44:45+00:00","dateModified":"2023-02-28T10:50:47+00:00","description":"Trezori Odjela specijalnih zbirki splitske Sveu\u010dili\u0161ne knji\u017enice nedavno su oboga\u0107eni s jo\u0161 tri umjetni\u010dka djela \u2013 dar splitskog akademskog slikara i","breadcrumb":{"@id":"https:\/\/www.svkst.unist.hr\/index.php\/novosti\/dar-prof-petar-jakelic-osz\/#breadcrumb"},"inLanguage":"en-GB","potentialAction":[{"@type":"ReadAction","target":["https:\/\/www.svkst.unist.hr\/index.php\/novosti\/dar-prof-petar-jakelic-osz\/"]}]},{"@type":"BreadcrumbList","@id":"https:\/\/www.svkst.unist.hr\/index.php\/novosti\/dar-prof-petar-jakelic-osz\/#breadcrumb","itemListElement":[{"@type":"ListItem","position":1,"name":"Home","item":"https:\/\/www.svkst.unist.hr\/"},{"@type":"ListItem","position":2,"name":"NOVOSTI","item":"https:\/\/www.svkst.unist.hr\/index.php\/category\/novosti\/"},{"@type":"ListItem","position":3,"name":"Dar profesora Petra Jakeli\u0107a"}]},{"@type":"Article","@id":"https:\/\/www.svkst.unist.hr\/index.php\/novosti\/dar-prof-petar-jakelic-osz\/#article","isPartOf":{"@id":"https:\/\/www.svkst.unist.hr\/index.php\/novosti\/dar-prof-petar-jakelic-osz\/#webpage"},"author":{"@id":"https:\/\/www.svkst.unist.hr\/#\/schema\/person\/6ed3dafcc02db1ac9e1e93a53dd5c986"},"headline":"Dar profesora Petra Jakeli\u0107a","datePublished":"2022-09-23T08:44:45+00:00","dateModified":"2023-02-28T10:50:47+00:00","mainEntityOfPage":{"@id":"https:\/\/www.svkst.unist.hr\/index.php\/novosti\/dar-prof-petar-jakelic-osz\/#webpage"},"wordCount":83,"publisher":{"@id":"https:\/\/www.svkst.unist.hr\/#organization"},"image":{"@id":"https:\/\/www.svkst.unist.hr\/index.php\/novosti\/dar-prof-petar-jakelic-osz\/#primaryimage"},"thumbnailUrl":"https:\/\/i2.wp.com\/www.svkst.unist.hr\/wp-content\/uploads\/2022\/09\/Jakelic-grafike-1-768x1024.jpg?ssl=1","articleSection":["NOVOSTI","Odr\u017eivi gradovi i zajednice (SDG 11)"],"inLanguage":"en-GB"},{"@type":"Person","@id":"https:\/\/www.svkst.unist.hr\/#\/schema\/person\/6ed3dafcc02db1ac9e1e93a53dd5c986","name":"Ljiljana"}]}},"jetpack_featured_media_url":"","jetpack_shortlink":"https:\/\/wp.me\/pan9Re-3uA","_links":{"self":[{"href":"https:\/\/www.svkst.unist.hr\/index.php\/wp-json\/wp\/v2\/posts\/13428"}],"collection":[{"href":"https:\/\/www.svkst.unist.hr\/index.php\/wp-json\/wp\/v2\/posts"}],"about":[{"href":"https:\/\/www.svkst.unist.hr\/index.php\/wp-json\/wp\/v2\/types\/post"}],"author":[{"embeddable":true,"href":"https:\/\/www.svkst.unist.hr\/index.php\/wp-json\/wp\/v2\/users\/5"}],"replies":[{"embeddable":true,"href":"https:\/\/www.svkst.unist.hr\/index.php\/wp-json\/wp\/v2\/comments?post=13428"}],"version-history":[{"count":4,"href":"https:\/\/www.svkst.unist.hr\/index.php\/wp-json\/wp\/v2\/posts\/13428\/revisions"}],"predecessor-version":[{"id":13438,"href":"https:\/\/www.svkst.unist.hr\/index.php\/wp-json\/wp\/v2\/posts\/13428\/revisions\/13438"}],"wp:attachment":[{"href":"https:\/\/www.svkst.unist.hr\/index.php\/wp-json\/wp\/v2\/media?parent=13428"}],"wp:term":[{"taxonomy":"category","embeddable":true,"href":"https:\/\/www.svkst.unist.hr\/index.php\/wp-json\/wp\/v2\/categories?post=13428"},{"taxonomy":"post_tag","embeddable":true,"href":"https:\/\/www.svkst.unist.hr\/index.php\/wp-json\/wp\/v2\/tags?post=13428"}],"curies":[{"name":"wp","href":"https:\/\/api.w.org\/{rel}","templated":true}]}}