{"id":12958,"date":"2022-04-01T09:55:00","date_gmt":"2022-04-01T07:55:00","guid":{"rendered":"https:\/\/www.svkst.unist.hr\/?p=12958"},"modified":"2024-07-10T13:16:45","modified_gmt":"2024-07-10T11:16:45","slug":"s-otvorenja-izlozbe-crteza-roberta-budora-darovanih-nasoj-knjiznici","status":"publish","type":"post","link":"https:\/\/www.svkst.unist.hr\/index.php\/novosti\/s-otvorenja-izlozbe-crteza-roberta-budora-darovanih-nasoj-knjiznici\/","title":{"rendered":"S otvorenja izlo\u017ebe crte\u017ea Roberta Budora darovanih na\u0161oj knji\u017enici"},"content":{"rendered":"\n<p class=\"has-text-align-justify\">Izlo\u017eba crte\u017ea iz ciklusa Maslina koje je akademski slikar Robert Budor darovao Grafi\u010dkoj zbirci na\u0161e knji\u017enice otvorena je u Sveu\u010dili\u0161noj galeriji 29. o\u017eujka 2021. godine u 19 sati. Pozdravne rije\u010di nazo\u010dnima je uputila voditeljica Galerije Helena Trze Jakeli\u0107, prof. dr. sc. Vladimir Rismondo nadahnuto je predstavio izlo\u017eena djela, a ravnateljica Knji\u017enice Ana Utrobi\u010di\u0107 slu\u017ebeno je otvorila izlo\u017ebu koju se mo\u017ee pogledati do 10. travnja.<\/p>\n\n\n\n<!--more-->\n\n\n\n<div class=\"wp-block-jetpack-slideshow aligncenter\" data-effect=\"slide\"><div class=\"wp-block-jetpack-slideshow_container swiper-container\"><ul class=\"wp-block-jetpack-slideshow_swiper-wrapper swiper-wrapper\"><li class=\"wp-block-jetpack-slideshow_slide swiper-slide\"><figure><img loading=\"lazy\" width=\"1024\" height=\"683\" alt=\"\" class=\"wp-block-jetpack-slideshow_image wp-image-12959\" data-id=\"12959\" src=\"https:\/\/www.svkst.unist.hr\/wp-content\/uploads\/2022\/04\/DSC1145-1024x683.jpg\" srcset=\"https:\/\/www.svkst.unist.hr\/wp-content\/uploads\/2022\/04\/DSC1145-1024x683.jpg 1024w, https:\/\/www.svkst.unist.hr\/wp-content\/uploads\/2022\/04\/DSC1145-300x200.jpg 300w, https:\/\/www.svkst.unist.hr\/wp-content\/uploads\/2022\/04\/DSC1145-768x512.jpg 768w, https:\/\/www.svkst.unist.hr\/wp-content\/uploads\/2022\/04\/DSC1145-1536x1024.jpg 1536w, https:\/\/www.svkst.unist.hr\/wp-content\/uploads\/2022\/04\/DSC1145-2048x1365.jpg 2048w\" sizes=\"(max-width: 1024px) 100vw, 1024px\" \/><\/figure><\/li><li class=\"wp-block-jetpack-slideshow_slide swiper-slide\"><figure><img loading=\"lazy\" width=\"1024\" height=\"683\" alt=\"\" class=\"wp-block-jetpack-slideshow_image wp-image-12960\" data-id=\"12960\" src=\"https:\/\/www.svkst.unist.hr\/wp-content\/uploads\/2022\/04\/DSC1150-1024x683.jpg\" srcset=\"https:\/\/www.svkst.unist.hr\/wp-content\/uploads\/2022\/04\/DSC1150-1024x683.jpg 1024w, https:\/\/www.svkst.unist.hr\/wp-content\/uploads\/2022\/04\/DSC1150-300x200.jpg 300w, https:\/\/www.svkst.unist.hr\/wp-content\/uploads\/2022\/04\/DSC1150-768x512.jpg 768w, https:\/\/www.svkst.unist.hr\/wp-content\/uploads\/2022\/04\/DSC1150-1536x1024.jpg 1536w, https:\/\/www.svkst.unist.hr\/wp-content\/uploads\/2022\/04\/DSC1150-2048x1365.jpg 2048w\" sizes=\"(max-width: 1024px) 100vw, 1024px\" \/><\/figure><\/li><li class=\"wp-block-jetpack-slideshow_slide swiper-slide\"><figure><img loading=\"lazy\" width=\"1024\" height=\"683\" alt=\"\" class=\"wp-block-jetpack-slideshow_image wp-image-12961\" data-id=\"12961\" src=\"https:\/\/www.svkst.unist.hr\/wp-content\/uploads\/2022\/04\/DSC1156-1024x683.jpg\" srcset=\"https:\/\/www.svkst.unist.hr\/wp-content\/uploads\/2022\/04\/DSC1156-1024x683.jpg 1024w, https:\/\/www.svkst.unist.hr\/wp-content\/uploads\/2022\/04\/DSC1156-300x200.jpg 300w, https:\/\/www.svkst.unist.hr\/wp-content\/uploads\/2022\/04\/DSC1156-768x512.jpg 768w, https:\/\/www.svkst.unist.hr\/wp-content\/uploads\/2022\/04\/DSC1156-1536x1024.jpg 1536w, https:\/\/www.svkst.unist.hr\/wp-content\/uploads\/2022\/04\/DSC1156-2048x1365.jpg 2048w\" sizes=\"(max-width: 1024px) 100vw, 1024px\" \/><\/figure><\/li><li class=\"wp-block-jetpack-slideshow_slide swiper-slide\"><figure><img loading=\"lazy\" width=\"1024\" height=\"683\" alt=\"\" class=\"wp-block-jetpack-slideshow_image wp-image-12962\" data-id=\"12962\" src=\"https:\/\/www.svkst.unist.hr\/wp-content\/uploads\/2022\/04\/DSC1166-1024x683.jpg\" srcset=\"https:\/\/www.svkst.unist.hr\/wp-content\/uploads\/2022\/04\/DSC1166-1024x683.jpg 1024w, https:\/\/www.svkst.unist.hr\/wp-content\/uploads\/2022\/04\/DSC1166-300x200.jpg 300w, https:\/\/www.svkst.unist.hr\/wp-content\/uploads\/2022\/04\/DSC1166-768x512.jpg 768w, https:\/\/www.svkst.unist.hr\/wp-content\/uploads\/2022\/04\/DSC1166-1536x1024.jpg 1536w, https:\/\/www.svkst.unist.hr\/wp-content\/uploads\/2022\/04\/DSC1166-2048x1365.jpg 2048w\" sizes=\"(max-width: 1024px) 100vw, 1024px\" \/><\/figure><\/li><li class=\"wp-block-jetpack-slideshow_slide swiper-slide\"><figure><img loading=\"lazy\" width=\"1024\" height=\"683\" alt=\"\" class=\"wp-block-jetpack-slideshow_image wp-image-12968\" data-id=\"12968\" src=\"https:\/\/www.svkst.unist.hr\/wp-content\/uploads\/2022\/04\/DSC1178-1-1024x683.jpg\" srcset=\"https:\/\/www.svkst.unist.hr\/wp-content\/uploads\/2022\/04\/DSC1178-1-1024x683.jpg 1024w, https:\/\/www.svkst.unist.hr\/wp-content\/uploads\/2022\/04\/DSC1178-1-300x200.jpg 300w, https:\/\/www.svkst.unist.hr\/wp-content\/uploads\/2022\/04\/DSC1178-1-768x512.jpg 768w, https:\/\/www.svkst.unist.hr\/wp-content\/uploads\/2022\/04\/DSC1178-1-1536x1024.jpg 1536w, https:\/\/www.svkst.unist.hr\/wp-content\/uploads\/2022\/04\/DSC1178-1-2048x1365.jpg 2048w\" sizes=\"(max-width: 1024px) 100vw, 1024px\" \/><\/figure><\/li><li class=\"wp-block-jetpack-slideshow_slide swiper-slide\"><figure><img loading=\"lazy\" width=\"1024\" height=\"683\" alt=\"\" class=\"wp-block-jetpack-slideshow_image wp-image-12969\" data-id=\"12969\" src=\"https:\/\/www.svkst.unist.hr\/wp-content\/uploads\/2022\/04\/DSC1185-1-1024x683.jpg\" srcset=\"https:\/\/www.svkst.unist.hr\/wp-content\/uploads\/2022\/04\/DSC1185-1-1024x683.jpg 1024w, https:\/\/www.svkst.unist.hr\/wp-content\/uploads\/2022\/04\/DSC1185-1-300x200.jpg 300w, https:\/\/www.svkst.unist.hr\/wp-content\/uploads\/2022\/04\/DSC1185-1-768x512.jpg 768w, https:\/\/www.svkst.unist.hr\/wp-content\/uploads\/2022\/04\/DSC1185-1-1536x1024.jpg 1536w, https:\/\/www.svkst.unist.hr\/wp-content\/uploads\/2022\/04\/DSC1185-1-2048x1365.jpg 2048w\" sizes=\"(max-width: 1024px) 100vw, 1024px\" \/><\/figure><\/li><li class=\"wp-block-jetpack-slideshow_slide swiper-slide\"><figure><img loading=\"lazy\" width=\"1024\" height=\"683\" alt=\"\" class=\"wp-block-jetpack-slideshow_image wp-image-12970\" data-id=\"12970\" src=\"https:\/\/www.svkst.unist.hr\/wp-content\/uploads\/2022\/04\/IMG_9860-1-1024x683.jpg\" srcset=\"https:\/\/www.svkst.unist.hr\/wp-content\/uploads\/2022\/04\/IMG_9860-1-1024x683.jpg 1024w, https:\/\/www.svkst.unist.hr\/wp-content\/uploads\/2022\/04\/IMG_9860-1-300x200.jpg 300w, https:\/\/www.svkst.unist.hr\/wp-content\/uploads\/2022\/04\/IMG_9860-1-768x512.jpg 768w, https:\/\/www.svkst.unist.hr\/wp-content\/uploads\/2022\/04\/IMG_9860-1-1536x1024.jpg 1536w, https:\/\/www.svkst.unist.hr\/wp-content\/uploads\/2022\/04\/IMG_9860-1-2048x1365.jpg 2048w\" sizes=\"(max-width: 1024px) 100vw, 1024px\" \/><\/figure><\/li><li class=\"wp-block-jetpack-slideshow_slide swiper-slide\"><figure><img loading=\"lazy\" width=\"1024\" height=\"683\" alt=\"\" class=\"wp-block-jetpack-slideshow_image wp-image-12972\" data-id=\"12972\" src=\"https:\/\/www.svkst.unist.hr\/wp-content\/uploads\/2022\/04\/IMG_9914-1-1024x683.jpg\" srcset=\"https:\/\/www.svkst.unist.hr\/wp-content\/uploads\/2022\/04\/IMG_9914-1-1024x683.jpg 1024w, https:\/\/www.svkst.unist.hr\/wp-content\/uploads\/2022\/04\/IMG_9914-1-300x200.jpg 300w, https:\/\/www.svkst.unist.hr\/wp-content\/uploads\/2022\/04\/IMG_9914-1-768x512.jpg 768w, https:\/\/www.svkst.unist.hr\/wp-content\/uploads\/2022\/04\/IMG_9914-1-1536x1024.jpg 1536w, https:\/\/www.svkst.unist.hr\/wp-content\/uploads\/2022\/04\/IMG_9914-1-2048x1365.jpg 2048w\" sizes=\"(max-width: 1024px) 100vw, 1024px\" \/><\/figure><\/li><\/ul><a class=\"wp-block-jetpack-slideshow_button-prev swiper-button-prev swiper-button-white\" role=\"button\"><\/a><a class=\"wp-block-jetpack-slideshow_button-next swiper-button-next swiper-button-white\" role=\"button\"><\/a><a aria-label=\"Pause Slideshow\" class=\"wp-block-jetpack-slideshow_button-pause\" role=\"button\"><\/a><div class=\"wp-block-jetpack-slideshow_pagination swiper-pagination swiper-pagination-white\"><\/div><\/div><\/div>\n\n\n\n<h4>Ciljevi:<\/h4>\n\n\n\n<div class=\"wp-block-columns\">\n<div class=\"wp-block-column\">\n<figure class=\"wp-block-image size-large\"><img data-attachment-id=\"13854\" data-permalink=\"https:\/\/www.svkst.unist.hr\/sdg-11_hr_ikona\/\" data-orig-file=\"https:\/\/www.svkst.unist.hr\/wp-content\/uploads\/2023\/02\/sdg-11_hr_ikona-e1677492562342.png\" data-orig-size=\"125,125\" data-comments-opened=\"0\" data-image-meta=\"{&quot;aperture&quot;:&quot;0&quot;,&quot;credit&quot;:&quot;&quot;,&quot;camera&quot;:&quot;&quot;,&quot;caption&quot;:&quot;&quot;,&quot;created_timestamp&quot;:&quot;0&quot;,&quot;copyright&quot;:&quot;&quot;,&quot;focal_length&quot;:&quot;0&quot;,&quot;iso&quot;:&quot;0&quot;,&quot;shutter_speed&quot;:&quot;0&quot;,&quot;title&quot;:&quot;&quot;,&quot;orientation&quot;:&quot;0&quot;}\" data-image-title=\"Odr\u017eivi gradovi i zajednice\" data-image-description=\"\" data-image-caption=\"\" data-medium-file=\"https:\/\/www.svkst.unist.hr\/wp-content\/uploads\/2023\/02\/sdg-11_hr_ikona-300x300.png\" data-large-file=\"https:\/\/www.svkst.unist.hr\/wp-content\/uploads\/2023\/02\/sdg-11_hr_ikona-e1677492562342.png\" loading=\"lazy\" width=\"125\" height=\"125\" src=\"https:\/\/www.svkst.unist.hr\/wp-content\/uploads\/2023\/02\/sdg-11_hr_ikona-e1677492562342.png\" alt=\"Odr\u017eivi gradovi i zajednice (SDG 11)\" class=\"wp-image-13854\"\/><\/figure>\n<\/div>\n\n\n\n<div class=\"wp-block-column\"><\/div>\n\n\n\n<div class=\"wp-block-column\"><\/div>\n<\/div>\n","protected":false},"excerpt":{"rendered":"<p>Izlo\u017eba crte\u017ea iz ciklusa Maslina koje je akademski slikar Robert Budor darovao Grafi\u010dkoj zbirci na\u0161e knji\u017enice otvorena je u Sveu\u010dili\u0161noj galeriji 29. o\u017eujka 2021. godine u 19 sati. Pozdravne rije\u010di nazo\u010dnima je uputila voditeljica Galerije Helena Trze Jakeli\u0107, prof. dr. sc. Vladimir Rismondo nadahnuto je predstavio izlo\u017eena djela, a ravnateljica Knji\u017enice Ana Utrobi\u010di\u0107 slu\u017ebeno je [&hellip;]<\/p>\n","protected":false},"author":5,"featured_media":0,"comment_status":"closed","ping_status":"closed","sticky":false,"template":"","format":"standard","meta":{"spay_email":""},"categories":[49,105],"tags":[],"acf":[],"yoast_head":"<!-- This site is optimized with the Yoast SEO plugin v17.8 - https:\/\/yoast.com\/wordpress\/plugins\/seo\/ -->\n<title>S otvorenja izlo\u017ebe crte\u017ea Roberta Budora darovanih na\u0161oj knji\u017enici - Sveu\u010dili\u0161na knji\u017enica u Splitu<\/title>\n<meta name=\"description\" content=\"Izlo\u017eba crte\u017ea iz ciklusa Maslina koje je akademski slikar Robert Budor darovao Grafi\u010dkoj zbirci na\u0161e knji\u017enice otvorena je u Sveu\u010dili\u0161noj galeriji 29.\" \/>\n<meta name=\"robots\" content=\"index, follow, max-snippet:-1, max-image-preview:large, max-video-preview:-1\" \/>\n<link rel=\"canonical\" href=\"https:\/\/www.svkst.unist.hr\/index.php\/novosti\/s-otvorenja-izlozbe-crteza-roberta-budora-darovanih-nasoj-knjiznici\/\" \/>\n<meta property=\"og:locale\" content=\"en_GB\" \/>\n<meta property=\"og:type\" content=\"article\" \/>\n<meta property=\"og:title\" content=\"S otvorenja izlo\u017ebe crte\u017ea Roberta Budora darovanih na\u0161oj knji\u017enici - Sveu\u010dili\u0161na knji\u017enica u Splitu\" \/>\n<meta property=\"og:description\" content=\"Izlo\u017eba crte\u017ea iz ciklusa Maslina koje je akademski slikar Robert Budor darovao Grafi\u010dkoj zbirci na\u0161e knji\u017enice otvorena je u Sveu\u010dili\u0161noj galeriji 29.\" \/>\n<meta property=\"og:url\" content=\"https:\/\/www.svkst.unist.hr\/index.php\/novosti\/s-otvorenja-izlozbe-crteza-roberta-budora-darovanih-nasoj-knjiznici\/\" \/>\n<meta property=\"og:site_name\" content=\"Sveu\u010dili\u0161na knji\u017enica u Splitu\" \/>\n<meta property=\"article:publisher\" content=\"https:\/\/www.facebook.com\/svkst.unist.hr\/\" \/>\n<meta property=\"article:published_time\" content=\"2022-04-01T07:55:00+00:00\" \/>\n<meta property=\"article:modified_time\" content=\"2024-07-10T11:16:45+00:00\" \/>\n<meta property=\"og:image\" content=\"https:\/\/www.svkst.unist.hr\/wp-content\/uploads\/2022\/04\/DSC1145-1024x683.jpg\" \/>\n<meta name=\"twitter:card\" content=\"summary_large_image\" \/>\n<meta name=\"twitter:label1\" content=\"Written by\" \/>\n\t<meta name=\"twitter:data1\" content=\"Ljiljana\" \/>\n\t<meta name=\"twitter:label2\" content=\"Estimated reading time\" \/>\n\t<meta name=\"twitter:data2\" content=\"3 minutes\" \/>\n<script type=\"application\/ld+json\" class=\"yoast-schema-graph\">{\"@context\":\"https:\/\/schema.org\",\"@graph\":[{\"@type\":\"Organization\",\"@id\":\"https:\/\/www.svkst.unist.hr\/#organization\",\"name\":\"Sveu\\u010dili\\u0161na knji\\u017enica u Splitu\",\"url\":\"https:\/\/www.svkst.unist.hr\/\",\"sameAs\":[\"https:\/\/www.facebook.com\/svkst.unist.hr\/\"],\"logo\":{\"@type\":\"ImageObject\",\"@id\":\"https:\/\/www.svkst.unist.hr\/#logo\",\"inLanguage\":\"en-GB\",\"url\":\"https:\/\/i2.wp.com\/www.svkst.unist.hr\/wp-content\/uploads\/2018\/02\/sveucilisna_iskaznica_logo_tisak-1.png?fit=600%2C219&ssl=1\",\"contentUrl\":\"https:\/\/i2.wp.com\/www.svkst.unist.hr\/wp-content\/uploads\/2018\/02\/sveucilisna_iskaznica_logo_tisak-1.png?fit=600%2C219&ssl=1\",\"width\":600,\"height\":219,\"caption\":\"Sveu\\u010dili\\u0161na knji\\u017enica u Splitu\"},\"image\":{\"@id\":\"https:\/\/www.svkst.unist.hr\/#logo\"}},{\"@type\":\"WebSite\",\"@id\":\"https:\/\/www.svkst.unist.hr\/#website\",\"url\":\"https:\/\/www.svkst.unist.hr\/\",\"name\":\"Sveu\\u010dili\\u0161na knji\\u017enica u Splitu\",\"description\":\"\",\"publisher\":{\"@id\":\"https:\/\/www.svkst.unist.hr\/#organization\"},\"potentialAction\":[{\"@type\":\"SearchAction\",\"target\":{\"@type\":\"EntryPoint\",\"urlTemplate\":\"https:\/\/www.svkst.unist.hr\/?s={search_term_string}\"},\"query-input\":\"required name=search_term_string\"}],\"inLanguage\":\"en-GB\"},{\"@type\":\"ImageObject\",\"@id\":\"https:\/\/www.svkst.unist.hr\/index.php\/novosti\/s-otvorenja-izlozbe-crteza-roberta-budora-darovanih-nasoj-knjiznici\/#primaryimage\",\"inLanguage\":\"en-GB\",\"url\":\"https:\/\/www.svkst.unist.hr\/wp-content\/uploads\/2022\/04\/DSC1145-1024x683.jpg\",\"contentUrl\":\"https:\/\/www.svkst.unist.hr\/wp-content\/uploads\/2022\/04\/DSC1145-1024x683.jpg\"},{\"@type\":\"WebPage\",\"@id\":\"https:\/\/www.svkst.unist.hr\/index.php\/novosti\/s-otvorenja-izlozbe-crteza-roberta-budora-darovanih-nasoj-knjiznici\/#webpage\",\"url\":\"https:\/\/www.svkst.unist.hr\/index.php\/novosti\/s-otvorenja-izlozbe-crteza-roberta-budora-darovanih-nasoj-knjiznici\/\",\"name\":\"S otvorenja izlo\\u017ebe crte\\u017ea Roberta Budora darovanih na\\u0161oj knji\\u017enici - Sveu\\u010dili\\u0161na knji\\u017enica u Splitu\",\"isPartOf\":{\"@id\":\"https:\/\/www.svkst.unist.hr\/#website\"},\"primaryImageOfPage\":{\"@id\":\"https:\/\/www.svkst.unist.hr\/index.php\/novosti\/s-otvorenja-izlozbe-crteza-roberta-budora-darovanih-nasoj-knjiznici\/#primaryimage\"},\"datePublished\":\"2022-04-01T07:55:00+00:00\",\"dateModified\":\"2024-07-10T11:16:45+00:00\",\"description\":\"Izlo\\u017eba crte\\u017ea iz ciklusa Maslina koje je akademski slikar Robert Budor darovao Grafi\\u010dkoj zbirci na\\u0161e knji\\u017enice otvorena je u Sveu\\u010dili\\u0161noj galeriji 29.\",\"breadcrumb\":{\"@id\":\"https:\/\/www.svkst.unist.hr\/index.php\/novosti\/s-otvorenja-izlozbe-crteza-roberta-budora-darovanih-nasoj-knjiznici\/#breadcrumb\"},\"inLanguage\":\"en-GB\",\"potentialAction\":[{\"@type\":\"ReadAction\",\"target\":[\"https:\/\/www.svkst.unist.hr\/index.php\/novosti\/s-otvorenja-izlozbe-crteza-roberta-budora-darovanih-nasoj-knjiznici\/\"]}]},{\"@type\":\"BreadcrumbList\",\"@id\":\"https:\/\/www.svkst.unist.hr\/index.php\/novosti\/s-otvorenja-izlozbe-crteza-roberta-budora-darovanih-nasoj-knjiznici\/#breadcrumb\",\"itemListElement\":[{\"@type\":\"ListItem\",\"position\":1,\"name\":\"Home\",\"item\":\"https:\/\/www.svkst.unist.hr\/\"},{\"@type\":\"ListItem\",\"position\":2,\"name\":\"NOVOSTI\",\"item\":\"https:\/\/www.svkst.unist.hr\/index.php\/category\/novosti\/\"},{\"@type\":\"ListItem\",\"position\":3,\"name\":\"S otvorenja izlo\\u017ebe crte\\u017ea Roberta Budora darovanih na\\u0161oj knji\\u017enici\"}]},{\"@type\":\"Article\",\"@id\":\"https:\/\/www.svkst.unist.hr\/index.php\/novosti\/s-otvorenja-izlozbe-crteza-roberta-budora-darovanih-nasoj-knjiznici\/#article\",\"isPartOf\":{\"@id\":\"https:\/\/www.svkst.unist.hr\/index.php\/novosti\/s-otvorenja-izlozbe-crteza-roberta-budora-darovanih-nasoj-knjiznici\/#webpage\"},\"author\":{\"@id\":\"https:\/\/www.svkst.unist.hr\/#\/schema\/person\/6ed3dafcc02db1ac9e1e93a53dd5c986\"},\"headline\":\"S otvorenja izlo\\u017ebe crte\\u017ea Roberta Budora darovanih na\\u0161oj knji\\u017enici\",\"datePublished\":\"2022-04-01T07:55:00+00:00\",\"dateModified\":\"2024-07-10T11:16:45+00:00\",\"mainEntityOfPage\":{\"@id\":\"https:\/\/www.svkst.unist.hr\/index.php\/novosti\/s-otvorenja-izlozbe-crteza-roberta-budora-darovanih-nasoj-knjiznici\/#webpage\"},\"wordCount\":90,\"publisher\":{\"@id\":\"https:\/\/www.svkst.unist.hr\/#organization\"},\"image\":{\"@id\":\"https:\/\/www.svkst.unist.hr\/index.php\/novosti\/s-otvorenja-izlozbe-crteza-roberta-budora-darovanih-nasoj-knjiznici\/#primaryimage\"},\"thumbnailUrl\":\"https:\/\/www.svkst.unist.hr\/wp-content\/uploads\/2022\/04\/DSC1145-1024x683.jpg\",\"articleSection\":[\"NOVOSTI\",\"Odr\\u017eivi gradovi i zajednice (SDG 11)\"],\"inLanguage\":\"en-GB\"},{\"@type\":\"Person\",\"@id\":\"https:\/\/www.svkst.unist.hr\/#\/schema\/person\/6ed3dafcc02db1ac9e1e93a53dd5c986\",\"name\":\"Ljiljana\"}]}<\/script>\n<!-- \/ Yoast SEO plugin. -->","yoast_head_json":{"title":"S otvorenja izlo\u017ebe crte\u017ea Roberta Budora darovanih na\u0161oj knji\u017enici - Sveu\u010dili\u0161na knji\u017enica u Splitu","description":"Izlo\u017eba crte\u017ea iz ciklusa Maslina koje je akademski slikar Robert Budor darovao Grafi\u010dkoj zbirci na\u0161e knji\u017enice otvorena je u Sveu\u010dili\u0161noj galeriji 29.","robots":{"index":"index","follow":"follow","max-snippet":"max-snippet:-1","max-image-preview":"max-image-preview:large","max-video-preview":"max-video-preview:-1"},"canonical":"https:\/\/www.svkst.unist.hr\/index.php\/novosti\/s-otvorenja-izlozbe-crteza-roberta-budora-darovanih-nasoj-knjiznici\/","og_locale":"en_GB","og_type":"article","og_title":"S otvorenja izlo\u017ebe crte\u017ea Roberta Budora darovanih na\u0161oj knji\u017enici - Sveu\u010dili\u0161na knji\u017enica u Splitu","og_description":"Izlo\u017eba crte\u017ea iz ciklusa Maslina koje je akademski slikar Robert Budor darovao Grafi\u010dkoj zbirci na\u0161e knji\u017enice otvorena je u Sveu\u010dili\u0161noj galeriji 29.","og_url":"https:\/\/www.svkst.unist.hr\/index.php\/novosti\/s-otvorenja-izlozbe-crteza-roberta-budora-darovanih-nasoj-knjiznici\/","og_site_name":"Sveu\u010dili\u0161na knji\u017enica u Splitu","article_publisher":"https:\/\/www.facebook.com\/svkst.unist.hr\/","article_published_time":"2022-04-01T07:55:00+00:00","article_modified_time":"2024-07-10T11:16:45+00:00","og_image":[{"url":"https:\/\/www.svkst.unist.hr\/wp-content\/uploads\/2022\/04\/DSC1145-1024x683.jpg"}],"twitter_card":"summary_large_image","twitter_misc":{"Written by":"Ljiljana","Estimated reading time":"3 minutes"},"schema":{"@context":"https:\/\/schema.org","@graph":[{"@type":"Organization","@id":"https:\/\/www.svkst.unist.hr\/#organization","name":"Sveu\u010dili\u0161na knji\u017enica u Splitu","url":"https:\/\/www.svkst.unist.hr\/","sameAs":["https:\/\/www.facebook.com\/svkst.unist.hr\/"],"logo":{"@type":"ImageObject","@id":"https:\/\/www.svkst.unist.hr\/#logo","inLanguage":"en-GB","url":"https:\/\/i2.wp.com\/www.svkst.unist.hr\/wp-content\/uploads\/2018\/02\/sveucilisna_iskaznica_logo_tisak-1.png?fit=600%2C219&ssl=1","contentUrl":"https:\/\/i2.wp.com\/www.svkst.unist.hr\/wp-content\/uploads\/2018\/02\/sveucilisna_iskaznica_logo_tisak-1.png?fit=600%2C219&ssl=1","width":600,"height":219,"caption":"Sveu\u010dili\u0161na knji\u017enica u Splitu"},"image":{"@id":"https:\/\/www.svkst.unist.hr\/#logo"}},{"@type":"WebSite","@id":"https:\/\/www.svkst.unist.hr\/#website","url":"https:\/\/www.svkst.unist.hr\/","name":"Sveu\u010dili\u0161na knji\u017enica u Splitu","description":"","publisher":{"@id":"https:\/\/www.svkst.unist.hr\/#organization"},"potentialAction":[{"@type":"SearchAction","target":{"@type":"EntryPoint","urlTemplate":"https:\/\/www.svkst.unist.hr\/?s={search_term_string}"},"query-input":"required name=search_term_string"}],"inLanguage":"en-GB"},{"@type":"ImageObject","@id":"https:\/\/www.svkst.unist.hr\/index.php\/novosti\/s-otvorenja-izlozbe-crteza-roberta-budora-darovanih-nasoj-knjiznici\/#primaryimage","inLanguage":"en-GB","url":"https:\/\/www.svkst.unist.hr\/wp-content\/uploads\/2022\/04\/DSC1145-1024x683.jpg","contentUrl":"https:\/\/www.svkst.unist.hr\/wp-content\/uploads\/2022\/04\/DSC1145-1024x683.jpg"},{"@type":"WebPage","@id":"https:\/\/www.svkst.unist.hr\/index.php\/novosti\/s-otvorenja-izlozbe-crteza-roberta-budora-darovanih-nasoj-knjiznici\/#webpage","url":"https:\/\/www.svkst.unist.hr\/index.php\/novosti\/s-otvorenja-izlozbe-crteza-roberta-budora-darovanih-nasoj-knjiznici\/","name":"S otvorenja izlo\u017ebe crte\u017ea Roberta Budora darovanih na\u0161oj knji\u017enici - Sveu\u010dili\u0161na knji\u017enica u Splitu","isPartOf":{"@id":"https:\/\/www.svkst.unist.hr\/#website"},"primaryImageOfPage":{"@id":"https:\/\/www.svkst.unist.hr\/index.php\/novosti\/s-otvorenja-izlozbe-crteza-roberta-budora-darovanih-nasoj-knjiznici\/#primaryimage"},"datePublished":"2022-04-01T07:55:00+00:00","dateModified":"2024-07-10T11:16:45+00:00","description":"Izlo\u017eba crte\u017ea iz ciklusa Maslina koje je akademski slikar Robert Budor darovao Grafi\u010dkoj zbirci na\u0161e knji\u017enice otvorena je u Sveu\u010dili\u0161noj galeriji 29.","breadcrumb":{"@id":"https:\/\/www.svkst.unist.hr\/index.php\/novosti\/s-otvorenja-izlozbe-crteza-roberta-budora-darovanih-nasoj-knjiznici\/#breadcrumb"},"inLanguage":"en-GB","potentialAction":[{"@type":"ReadAction","target":["https:\/\/www.svkst.unist.hr\/index.php\/novosti\/s-otvorenja-izlozbe-crteza-roberta-budora-darovanih-nasoj-knjiznici\/"]}]},{"@type":"BreadcrumbList","@id":"https:\/\/www.svkst.unist.hr\/index.php\/novosti\/s-otvorenja-izlozbe-crteza-roberta-budora-darovanih-nasoj-knjiznici\/#breadcrumb","itemListElement":[{"@type":"ListItem","position":1,"name":"Home","item":"https:\/\/www.svkst.unist.hr\/"},{"@type":"ListItem","position":2,"name":"NOVOSTI","item":"https:\/\/www.svkst.unist.hr\/index.php\/category\/novosti\/"},{"@type":"ListItem","position":3,"name":"S otvorenja izlo\u017ebe crte\u017ea Roberta Budora darovanih na\u0161oj knji\u017enici"}]},{"@type":"Article","@id":"https:\/\/www.svkst.unist.hr\/index.php\/novosti\/s-otvorenja-izlozbe-crteza-roberta-budora-darovanih-nasoj-knjiznici\/#article","isPartOf":{"@id":"https:\/\/www.svkst.unist.hr\/index.php\/novosti\/s-otvorenja-izlozbe-crteza-roberta-budora-darovanih-nasoj-knjiznici\/#webpage"},"author":{"@id":"https:\/\/www.svkst.unist.hr\/#\/schema\/person\/6ed3dafcc02db1ac9e1e93a53dd5c986"},"headline":"S otvorenja izlo\u017ebe crte\u017ea Roberta Budora darovanih na\u0161oj knji\u017enici","datePublished":"2022-04-01T07:55:00+00:00","dateModified":"2024-07-10T11:16:45+00:00","mainEntityOfPage":{"@id":"https:\/\/www.svkst.unist.hr\/index.php\/novosti\/s-otvorenja-izlozbe-crteza-roberta-budora-darovanih-nasoj-knjiznici\/#webpage"},"wordCount":90,"publisher":{"@id":"https:\/\/www.svkst.unist.hr\/#organization"},"image":{"@id":"https:\/\/www.svkst.unist.hr\/index.php\/novosti\/s-otvorenja-izlozbe-crteza-roberta-budora-darovanih-nasoj-knjiznici\/#primaryimage"},"thumbnailUrl":"https:\/\/www.svkst.unist.hr\/wp-content\/uploads\/2022\/04\/DSC1145-1024x683.jpg","articleSection":["NOVOSTI","Odr\u017eivi gradovi i zajednice (SDG 11)"],"inLanguage":"en-GB"},{"@type":"Person","@id":"https:\/\/www.svkst.unist.hr\/#\/schema\/person\/6ed3dafcc02db1ac9e1e93a53dd5c986","name":"Ljiljana"}]}},"jetpack_featured_media_url":"","jetpack_shortlink":"https:\/\/wp.me\/pan9Re-3n0","_links":{"self":[{"href":"https:\/\/www.svkst.unist.hr\/index.php\/wp-json\/wp\/v2\/posts\/12958"}],"collection":[{"href":"https:\/\/www.svkst.unist.hr\/index.php\/wp-json\/wp\/v2\/posts"}],"about":[{"href":"https:\/\/www.svkst.unist.hr\/index.php\/wp-json\/wp\/v2\/types\/post"}],"author":[{"embeddable":true,"href":"https:\/\/www.svkst.unist.hr\/index.php\/wp-json\/wp\/v2\/users\/5"}],"replies":[{"embeddable":true,"href":"https:\/\/www.svkst.unist.hr\/index.php\/wp-json\/wp\/v2\/comments?post=12958"}],"version-history":[{"count":5,"href":"https:\/\/www.svkst.unist.hr\/index.php\/wp-json\/wp\/v2\/posts\/12958\/revisions"}],"predecessor-version":[{"id":15847,"href":"https:\/\/www.svkst.unist.hr\/index.php\/wp-json\/wp\/v2\/posts\/12958\/revisions\/15847"}],"wp:attachment":[{"href":"https:\/\/www.svkst.unist.hr\/index.php\/wp-json\/wp\/v2\/media?parent=12958"}],"wp:term":[{"taxonomy":"category","embeddable":true,"href":"https:\/\/www.svkst.unist.hr\/index.php\/wp-json\/wp\/v2\/categories?post=12958"},{"taxonomy":"post_tag","embeddable":true,"href":"https:\/\/www.svkst.unist.hr\/index.php\/wp-json\/wp\/v2\/tags?post=12958"}],"curies":[{"name":"wp","href":"https:\/\/api.w.org\/{rel}","templated":true}]}}