{"id":12835,"date":"2022-03-02T12:21:37","date_gmt":"2022-03-02T11:21:37","guid":{"rendered":"https:\/\/www.svkst.unist.hr\/?p=12835"},"modified":"2022-03-02T12:21:41","modified_gmt":"2022-03-02T11:21:41","slug":"zelis-na-erasmus-esn-split-tu-je-da-ti-pomogne","status":"publish","type":"post","link":"https:\/\/www.svkst.unist.hr\/index.php\/novosti\/zelis-na-erasmus-esn-split-tu-je-da-ti-pomogne\/","title":{"rendered":"\u017deli\u0161 na Erasmus?  ESN Split tu je da ti pomogne!"},"content":{"rendered":"\n<p class=\"has-text-align-justify\">Erasmus+, program koji ti daje mogu\u0107nost da \u017eivi\u0161 i studira\u0161 u stranoj dr\u017eavi, a jo\u0161 ti je to i pla\u0107eno. Zvu\u010di kao san, zar ne? Mo\u017ee postati stvarnost!<br>Otvoren je Natje\u010daj za Erasmus+ studijsku mobilnost u sljede\u0107oj akademskog godini i razmi\u0161lja\u0161 o prijavi, ali si izgubljen\/a u moru papirologije i zahtjeva, a pitanja su brojna?<\/p>\n\n\n\n<!--more-->\n\n\n\n<p>* Ne zna\u0161 \u0161to bi napisao u motivacijsko pismo?<br>* \u0160to treba i\u0107i u CV?<br>* Kako prona\u0107i smje\u0161taj?<br>* Kako prona\u0107i i odabrati predmete?<br>* Pola\u017eu li se ispiti na engleskom jeziku?<br>* Mogu li u\u010diti portugalski\/\u0161panjolski\/talijanski\/\u010de\u0161ki&#8230; ?<\/p>\n\n\n\n<p class=\"has-text-align-justify\">Do\u0111i i poslu\u0161aj ljude koji su sve to ve\u0107 pro\u0161li, a voljni su pru\u017eiti svoju pomo\u0107 i odgovoriti na sva pitanja koja bi mogao imati. Tako\u0111er, poslu\u0161aj i pitanja i ideje svojih kolega koji se prijavljuju na Erasmus i bez straha kro\u010di u ovu novu avanturu.<br>Kada: Subota 5.3.2022. u 11:30h<br>Gdje: Google Meet <a href=\"https:\/\/meet.google.com\/gvd-vzrr-tcr\" target=\"_blank\" rel=\"noreferrer noopener\">https:\/\/meet.google.com\/gvd-vzrr-tcr<\/a><\/p>\n\n\n\n<p>Vidimo se na po\u010detku va\u0161e nove avanture!<\/p>\n","protected":false},"excerpt":{"rendered":"<p>Erasmus+, program koji ti daje mogu\u0107nost da \u017eivi\u0161 i studira\u0161 u stranoj dr\u017eavi, a jo\u0161 ti je to i pla\u0107eno. Zvu\u010di kao san, zar ne? Mo\u017ee postati stvarnost!Otvoren je Natje\u010daj za Erasmus+ studijsku mobilnost u sljede\u0107oj akademskog godini i razmi\u0161lja\u0161 o prijavi, ali si izgubljen\/a u moru papirologije i zahtjeva, a pitanja su brojna?<\/p>\n","protected":false},"author":5,"featured_media":0,"comment_status":"closed","ping_status":"closed","sticky":false,"template":"","format":"standard","meta":{"spay_email":""},"categories":[49],"tags":[],"acf":[],"yoast_head":"<!-- This site is optimized with the Yoast SEO plugin v17.8 - https:\/\/yoast.com\/wordpress\/plugins\/seo\/ -->\n<title>\u017deli\u0161 na Erasmus? ESN Split tu je da ti pomogne! - Sveu\u010dili\u0161na knji\u017enica u Splitu<\/title>\n<meta name=\"description\" content=\"Erasmus+, program koji ti daje mogu\u0107nost da \u017eivi\u0161 i studira\u0161 u stranoj dr\u017eavi, a jo\u0161 ti je to i pla\u0107eno. Zvu\u010di kao san, zar ne? Mo\u017ee postati\" \/>\n<meta name=\"robots\" content=\"index, follow, max-snippet:-1, max-image-preview:large, max-video-preview:-1\" \/>\n<link rel=\"canonical\" href=\"https:\/\/www.svkst.unist.hr\/index.php\/novosti\/zelis-na-erasmus-esn-split-tu-je-da-ti-pomogne\/\" \/>\n<meta property=\"og:locale\" content=\"en_GB\" \/>\n<meta property=\"og:type\" content=\"article\" \/>\n<meta property=\"og:title\" content=\"\u017deli\u0161 na Erasmus? ESN Split tu je da ti pomogne! - Sveu\u010dili\u0161na knji\u017enica u Splitu\" \/>\n<meta property=\"og:description\" content=\"Erasmus+, program koji ti daje mogu\u0107nost da \u017eivi\u0161 i studira\u0161 u stranoj dr\u017eavi, a jo\u0161 ti je to i pla\u0107eno. Zvu\u010di kao san, zar ne? Mo\u017ee postati\" \/>\n<meta property=\"og:url\" content=\"https:\/\/www.svkst.unist.hr\/index.php\/novosti\/zelis-na-erasmus-esn-split-tu-je-da-ti-pomogne\/\" \/>\n<meta property=\"og:site_name\" content=\"Sveu\u010dili\u0161na knji\u017enica u Splitu\" \/>\n<meta property=\"article:publisher\" content=\"https:\/\/www.facebook.com\/svkst.unist.hr\/\" \/>\n<meta property=\"article:published_time\" content=\"2022-03-02T11:21:37+00:00\" \/>\n<meta property=\"article:modified_time\" content=\"2022-03-02T11:21:41+00:00\" \/>\n<meta name=\"twitter:card\" content=\"summary_large_image\" \/>\n<meta name=\"twitter:label1\" content=\"Written by\" \/>\n\t<meta name=\"twitter:data1\" content=\"Ljiljana\" \/>\n\t<meta name=\"twitter:label2\" content=\"Estimated reading time\" \/>\n\t<meta name=\"twitter:data2\" content=\"1 minute\" \/>\n<script type=\"application\/ld+json\" class=\"yoast-schema-graph\">{\"@context\":\"https:\/\/schema.org\",\"@graph\":[{\"@type\":\"Organization\",\"@id\":\"https:\/\/www.svkst.unist.hr\/#organization\",\"name\":\"Sveu\\u010dili\\u0161na knji\\u017enica u Splitu\",\"url\":\"https:\/\/www.svkst.unist.hr\/\",\"sameAs\":[\"https:\/\/www.facebook.com\/svkst.unist.hr\/\"],\"logo\":{\"@type\":\"ImageObject\",\"@id\":\"https:\/\/www.svkst.unist.hr\/#logo\",\"inLanguage\":\"en-GB\",\"url\":\"https:\/\/i2.wp.com\/www.svkst.unist.hr\/wp-content\/uploads\/2018\/02\/sveucilisna_iskaznica_logo_tisak-1.png?fit=600%2C219&ssl=1\",\"contentUrl\":\"https:\/\/i2.wp.com\/www.svkst.unist.hr\/wp-content\/uploads\/2018\/02\/sveucilisna_iskaznica_logo_tisak-1.png?fit=600%2C219&ssl=1\",\"width\":600,\"height\":219,\"caption\":\"Sveu\\u010dili\\u0161na knji\\u017enica u Splitu\"},\"image\":{\"@id\":\"https:\/\/www.svkst.unist.hr\/#logo\"}},{\"@type\":\"WebSite\",\"@id\":\"https:\/\/www.svkst.unist.hr\/#website\",\"url\":\"https:\/\/www.svkst.unist.hr\/\",\"name\":\"Sveu\\u010dili\\u0161na knji\\u017enica u Splitu\",\"description\":\"\",\"publisher\":{\"@id\":\"https:\/\/www.svkst.unist.hr\/#organization\"},\"potentialAction\":[{\"@type\":\"SearchAction\",\"target\":{\"@type\":\"EntryPoint\",\"urlTemplate\":\"https:\/\/www.svkst.unist.hr\/?s={search_term_string}\"},\"query-input\":\"required name=search_term_string\"}],\"inLanguage\":\"en-GB\"},{\"@type\":\"WebPage\",\"@id\":\"https:\/\/www.svkst.unist.hr\/index.php\/novosti\/zelis-na-erasmus-esn-split-tu-je-da-ti-pomogne\/#webpage\",\"url\":\"https:\/\/www.svkst.unist.hr\/index.php\/novosti\/zelis-na-erasmus-esn-split-tu-je-da-ti-pomogne\/\",\"name\":\"\\u017deli\\u0161 na Erasmus? ESN Split tu je da ti pomogne! - Sveu\\u010dili\\u0161na knji\\u017enica u Splitu\",\"isPartOf\":{\"@id\":\"https:\/\/www.svkst.unist.hr\/#website\"},\"datePublished\":\"2022-03-02T11:21:37+00:00\",\"dateModified\":\"2022-03-02T11:21:41+00:00\",\"description\":\"Erasmus+, program koji ti daje mogu\\u0107nost da \\u017eivi\\u0161 i studira\\u0161 u stranoj dr\\u017eavi, a jo\\u0161 ti je to i pla\\u0107eno. Zvu\\u010di kao san, zar ne? Mo\\u017ee postati\",\"breadcrumb\":{\"@id\":\"https:\/\/www.svkst.unist.hr\/index.php\/novosti\/zelis-na-erasmus-esn-split-tu-je-da-ti-pomogne\/#breadcrumb\"},\"inLanguage\":\"en-GB\",\"potentialAction\":[{\"@type\":\"ReadAction\",\"target\":[\"https:\/\/www.svkst.unist.hr\/index.php\/novosti\/zelis-na-erasmus-esn-split-tu-je-da-ti-pomogne\/\"]}]},{\"@type\":\"BreadcrumbList\",\"@id\":\"https:\/\/www.svkst.unist.hr\/index.php\/novosti\/zelis-na-erasmus-esn-split-tu-je-da-ti-pomogne\/#breadcrumb\",\"itemListElement\":[{\"@type\":\"ListItem\",\"position\":1,\"name\":\"Home\",\"item\":\"https:\/\/www.svkst.unist.hr\/\"},{\"@type\":\"ListItem\",\"position\":2,\"name\":\"NOVOSTI\",\"item\":\"https:\/\/www.svkst.unist.hr\/index.php\/category\/novosti\/\"},{\"@type\":\"ListItem\",\"position\":3,\"name\":\"\\u017deli\\u0161 na Erasmus? ESN Split tu je da ti pomogne!\"}]},{\"@type\":\"Article\",\"@id\":\"https:\/\/www.svkst.unist.hr\/index.php\/novosti\/zelis-na-erasmus-esn-split-tu-je-da-ti-pomogne\/#article\",\"isPartOf\":{\"@id\":\"https:\/\/www.svkst.unist.hr\/index.php\/novosti\/zelis-na-erasmus-esn-split-tu-je-da-ti-pomogne\/#webpage\"},\"author\":{\"@id\":\"https:\/\/www.svkst.unist.hr\/#\/schema\/person\/6ed3dafcc02db1ac9e1e93a53dd5c986\"},\"headline\":\"\\u017deli\\u0161 na Erasmus? ESN Split tu je da ti pomogne!\",\"datePublished\":\"2022-03-02T11:21:37+00:00\",\"dateModified\":\"2022-03-02T11:21:41+00:00\",\"mainEntityOfPage\":{\"@id\":\"https:\/\/www.svkst.unist.hr\/index.php\/novosti\/zelis-na-erasmus-esn-split-tu-je-da-ti-pomogne\/#webpage\"},\"wordCount\":189,\"publisher\":{\"@id\":\"https:\/\/www.svkst.unist.hr\/#organization\"},\"articleSection\":[\"NOVOSTI\"],\"inLanguage\":\"en-GB\"},{\"@type\":\"Person\",\"@id\":\"https:\/\/www.svkst.unist.hr\/#\/schema\/person\/6ed3dafcc02db1ac9e1e93a53dd5c986\",\"name\":\"Ljiljana\"}]}<\/script>\n<!-- \/ Yoast SEO plugin. -->","yoast_head_json":{"title":"\u017deli\u0161 na Erasmus? ESN Split tu je da ti pomogne! - Sveu\u010dili\u0161na knji\u017enica u Splitu","description":"Erasmus+, program koji ti daje mogu\u0107nost da \u017eivi\u0161 i studira\u0161 u stranoj dr\u017eavi, a jo\u0161 ti je to i pla\u0107eno. Zvu\u010di kao san, zar ne? Mo\u017ee postati","robots":{"index":"index","follow":"follow","max-snippet":"max-snippet:-1","max-image-preview":"max-image-preview:large","max-video-preview":"max-video-preview:-1"},"canonical":"https:\/\/www.svkst.unist.hr\/index.php\/novosti\/zelis-na-erasmus-esn-split-tu-je-da-ti-pomogne\/","og_locale":"en_GB","og_type":"article","og_title":"\u017deli\u0161 na Erasmus? ESN Split tu je da ti pomogne! - Sveu\u010dili\u0161na knji\u017enica u Splitu","og_description":"Erasmus+, program koji ti daje mogu\u0107nost da \u017eivi\u0161 i studira\u0161 u stranoj dr\u017eavi, a jo\u0161 ti je to i pla\u0107eno. Zvu\u010di kao san, zar ne? Mo\u017ee postati","og_url":"https:\/\/www.svkst.unist.hr\/index.php\/novosti\/zelis-na-erasmus-esn-split-tu-je-da-ti-pomogne\/","og_site_name":"Sveu\u010dili\u0161na knji\u017enica u Splitu","article_publisher":"https:\/\/www.facebook.com\/svkst.unist.hr\/","article_published_time":"2022-03-02T11:21:37+00:00","article_modified_time":"2022-03-02T11:21:41+00:00","twitter_card":"summary_large_image","twitter_misc":{"Written by":"Ljiljana","Estimated reading time":"1 minute"},"schema":{"@context":"https:\/\/schema.org","@graph":[{"@type":"Organization","@id":"https:\/\/www.svkst.unist.hr\/#organization","name":"Sveu\u010dili\u0161na knji\u017enica u Splitu","url":"https:\/\/www.svkst.unist.hr\/","sameAs":["https:\/\/www.facebook.com\/svkst.unist.hr\/"],"logo":{"@type":"ImageObject","@id":"https:\/\/www.svkst.unist.hr\/#logo","inLanguage":"en-GB","url":"https:\/\/i2.wp.com\/www.svkst.unist.hr\/wp-content\/uploads\/2018\/02\/sveucilisna_iskaznica_logo_tisak-1.png?fit=600%2C219&ssl=1","contentUrl":"https:\/\/i2.wp.com\/www.svkst.unist.hr\/wp-content\/uploads\/2018\/02\/sveucilisna_iskaznica_logo_tisak-1.png?fit=600%2C219&ssl=1","width":600,"height":219,"caption":"Sveu\u010dili\u0161na knji\u017enica u Splitu"},"image":{"@id":"https:\/\/www.svkst.unist.hr\/#logo"}},{"@type":"WebSite","@id":"https:\/\/www.svkst.unist.hr\/#website","url":"https:\/\/www.svkst.unist.hr\/","name":"Sveu\u010dili\u0161na knji\u017enica u Splitu","description":"","publisher":{"@id":"https:\/\/www.svkst.unist.hr\/#organization"},"potentialAction":[{"@type":"SearchAction","target":{"@type":"EntryPoint","urlTemplate":"https:\/\/www.svkst.unist.hr\/?s={search_term_string}"},"query-input":"required name=search_term_string"}],"inLanguage":"en-GB"},{"@type":"WebPage","@id":"https:\/\/www.svkst.unist.hr\/index.php\/novosti\/zelis-na-erasmus-esn-split-tu-je-da-ti-pomogne\/#webpage","url":"https:\/\/www.svkst.unist.hr\/index.php\/novosti\/zelis-na-erasmus-esn-split-tu-je-da-ti-pomogne\/","name":"\u017deli\u0161 na Erasmus? ESN Split tu je da ti pomogne! - Sveu\u010dili\u0161na knji\u017enica u Splitu","isPartOf":{"@id":"https:\/\/www.svkst.unist.hr\/#website"},"datePublished":"2022-03-02T11:21:37+00:00","dateModified":"2022-03-02T11:21:41+00:00","description":"Erasmus+, program koji ti daje mogu\u0107nost da \u017eivi\u0161 i studira\u0161 u stranoj dr\u017eavi, a jo\u0161 ti je to i pla\u0107eno. Zvu\u010di kao san, zar ne? Mo\u017ee postati","breadcrumb":{"@id":"https:\/\/www.svkst.unist.hr\/index.php\/novosti\/zelis-na-erasmus-esn-split-tu-je-da-ti-pomogne\/#breadcrumb"},"inLanguage":"en-GB","potentialAction":[{"@type":"ReadAction","target":["https:\/\/www.svkst.unist.hr\/index.php\/novosti\/zelis-na-erasmus-esn-split-tu-je-da-ti-pomogne\/"]}]},{"@type":"BreadcrumbList","@id":"https:\/\/www.svkst.unist.hr\/index.php\/novosti\/zelis-na-erasmus-esn-split-tu-je-da-ti-pomogne\/#breadcrumb","itemListElement":[{"@type":"ListItem","position":1,"name":"Home","item":"https:\/\/www.svkst.unist.hr\/"},{"@type":"ListItem","position":2,"name":"NOVOSTI","item":"https:\/\/www.svkst.unist.hr\/index.php\/category\/novosti\/"},{"@type":"ListItem","position":3,"name":"\u017deli\u0161 na Erasmus? ESN Split tu je da ti pomogne!"}]},{"@type":"Article","@id":"https:\/\/www.svkst.unist.hr\/index.php\/novosti\/zelis-na-erasmus-esn-split-tu-je-da-ti-pomogne\/#article","isPartOf":{"@id":"https:\/\/www.svkst.unist.hr\/index.php\/novosti\/zelis-na-erasmus-esn-split-tu-je-da-ti-pomogne\/#webpage"},"author":{"@id":"https:\/\/www.svkst.unist.hr\/#\/schema\/person\/6ed3dafcc02db1ac9e1e93a53dd5c986"},"headline":"\u017deli\u0161 na Erasmus? ESN Split tu je da ti pomogne!","datePublished":"2022-03-02T11:21:37+00:00","dateModified":"2022-03-02T11:21:41+00:00","mainEntityOfPage":{"@id":"https:\/\/www.svkst.unist.hr\/index.php\/novosti\/zelis-na-erasmus-esn-split-tu-je-da-ti-pomogne\/#webpage"},"wordCount":189,"publisher":{"@id":"https:\/\/www.svkst.unist.hr\/#organization"},"articleSection":["NOVOSTI"],"inLanguage":"en-GB"},{"@type":"Person","@id":"https:\/\/www.svkst.unist.hr\/#\/schema\/person\/6ed3dafcc02db1ac9e1e93a53dd5c986","name":"Ljiljana"}]}},"jetpack_featured_media_url":"","jetpack_shortlink":"https:\/\/wp.me\/pan9Re-3l1","_links":{"self":[{"href":"https:\/\/www.svkst.unist.hr\/index.php\/wp-json\/wp\/v2\/posts\/12835"}],"collection":[{"href":"https:\/\/www.svkst.unist.hr\/index.php\/wp-json\/wp\/v2\/posts"}],"about":[{"href":"https:\/\/www.svkst.unist.hr\/index.php\/wp-json\/wp\/v2\/types\/post"}],"author":[{"embeddable":true,"href":"https:\/\/www.svkst.unist.hr\/index.php\/wp-json\/wp\/v2\/users\/5"}],"replies":[{"embeddable":true,"href":"https:\/\/www.svkst.unist.hr\/index.php\/wp-json\/wp\/v2\/comments?post=12835"}],"version-history":[{"count":3,"href":"https:\/\/www.svkst.unist.hr\/index.php\/wp-json\/wp\/v2\/posts\/12835\/revisions"}],"predecessor-version":[{"id":12838,"href":"https:\/\/www.svkst.unist.hr\/index.php\/wp-json\/wp\/v2\/posts\/12835\/revisions\/12838"}],"wp:attachment":[{"href":"https:\/\/www.svkst.unist.hr\/index.php\/wp-json\/wp\/v2\/media?parent=12835"}],"wp:term":[{"taxonomy":"category","embeddable":true,"href":"https:\/\/www.svkst.unist.hr\/index.php\/wp-json\/wp\/v2\/categories?post=12835"},{"taxonomy":"post_tag","embeddable":true,"href":"https:\/\/www.svkst.unist.hr\/index.php\/wp-json\/wp\/v2\/tags?post=12835"}],"curies":[{"name":"wp","href":"https:\/\/api.w.org\/{rel}","templated":true}]}}